{"id":2561,"date":"2015-07-21T00:48:02","date_gmt":"2015-07-20T22:48:02","guid":{"rendered":"http:\/\/www.tourismfastforward.com\/2016\/?p=2561"},"modified":"2015-12-16T14:57:37","modified_gmt":"2015-12-16T13:57:37","slug":"pressemitteilungen","status":"publish","type":"post","link":"https:\/\/www.tourismfastforward.com\/2016\/pressemitteilungen\/","title":{"rendered":"Pressemitteilungen"},"content":{"rendered":"<h1 class=\"Das-Tourismus-Event-Title\">Presseaussendungen<\/h1>\n<hr>\n<\/hr>\n<ul style=\"color:#888;\"class=\"Das-Tourismus-Event-Title-text\">\n<li><a href=\"http:\/\/www.tourismfastforward.com\/2016\/wp-content\/uploads\/2015\/03\/2014-11-28_tff-pa-1-Presseaussendung-1.pdf\" target=\"_blank\">2014, November &#8211; TourismFastForward: Kongress zur digitalen Zukunft des Tourismus<\/a><\/li>\n<\/ul>\n<p><span><\/span><br \/>\n<span><\/span><\/p>\n<h2 style=\"color:#888;\"class=\"Das-Tourismus-Event-Title-text\"><strong>TTF in der Presse<\/strong><\/h2>\n<ul style=\"color:#888;\"class=\"Das-Tourismus-Event-Title-text\">\n<li><a href=\"http:\/\/www.tourismfastforward.com\/2015\/tourismfastforward-dieter-fensel-fur-das-gastro-magazin\" target=\"_blank\"> 2015, Februar &#8211; GASTRO Das Fachmagazin &#8211;\u00a0Dieter Fensel ist der Gr\u00fcnder von TourismFastForward<\/a><\/li>\n<p><span><\/span><\/p>\n<li><a href=\"http:\/\/www.tourismfastforward.com\/2016\/wp-content\/uploads\/2015\/03\/swz11_15_20032015-16.pdf\">2015, M\u00e4rz &#8211; S\u00fcdtiroler Wirtschaftszeitung &#8211; TourismFastForward \u2013 Kongress mit Fokus auf Sharing Economy, Smart Data und Buchungsplattformen<\/a><\/li>\n<p><span><\/span><\/p>\n<li><a href=\"http:\/\/www.tourismfastforward.com\/2016\/wp-content\/uploads\/2015\/12\/Massenweise-M\u00f6glichkeiten.pdf\">2015, Dezember &#8211; eco.nova &#8211; Massenweise M\u00f6glichkeiten: Social Media sind zur Werbemacht avanciert, auch und vor allem im Tourismus<\/a><\/li>\n<\/ul>\n<p><span><\/span><br \/>\n<span><\/span><\/p>\n<h2 style=\"color:#888;\"class=\"Das-Tourismus-Event-Title-text\"><strong>TTF Filme<\/strong><\/h2>\n<div class=\"query-post post\">\n<div class=\"query-content post-excerpt\">\n<h3 style=\"color:#888;\"class=\"Das-Tourismus-Event-Title-text\"><a title=\"Movie zur Konferenz: Vandalismus im Zillertal! #tff_2015\" href=\"https:\/\/www.youtube.com\/watch?v=jgEcjypUvY4\" target=\"_blank\"><\/p>\n<p><span style=\"font-family: arial,helvetica,sans-serif;\">Movie zur Konferenz: Vandalismus im Zillertal! #tff_2015<\/span><\/h3>\n<\/div>\n<\/div>\n<\/li>\n<\/ul>\n<p><iframe loading=\"lazy\" width=\"560\" height=\"315\" src=\"https:\/\/www.youtube.com\/embed\/jgEcjypUvY4\" frameborder=\"0\" allowfullscreen><\/iframe><\/p>\n","protected":false},"excerpt":{"rendered":"<p>Presseaussendungen 2014, November &#8211; TourismFastForward: Kongress zur digitalen Zukunft des Tourismus TTF in der Presse 2015, Februar &#8211; GASTRO Das Fachmagazin &#8211;\u00a0Dieter Fensel ist der Gr\u00fcnder von TourismFastForward 2015, M\u00e4rz &#8211; S\u00fcdtiroler Wirtschaftszeitung &#8211; TourismFastForward \u2013 Kongress mit Fokus auf Sharing Economy, Smart Data und Buchungsplattformen 2015, Dezember &#8211; eco.nova &#8211; Massenweise M\u00f6glichkeiten: Social Media<\/p>\n<p><a href=\"https:\/\/www.tourismfastforward.com\/2016\/pressemitteilungen\/\" class=\"more-link themebutton\">Read More<\/a><\/p>\n","protected":false},"author":1,"featured_media":0,"comment_status":"closed","ping_status":"closed","sticky":false,"template":"","format":"standard","meta":{"ngg_post_thumbnail":0,"footnotes":""},"categories":[1],"tags":[],"class_list":["post-2561","post","type-post","status-publish","format-standard","hentry","category-uncategorised"],"yoast_head":"<!-- This site is optimized with the Yoast SEO plugin v27.5 - https:\/\/yoast.com\/product\/yoast-seo-wordpress\/ -->\n<title>Pressemitteilungen - Tourism Fast Forward 2016 | Die Konferenz f\u00fcr innovative Technologien im Tourismus<\/title>\n<meta name=\"robots\" content=\"index, follow, max-snippet:-1, max-image-preview:large, max-video-preview:-1\" \/>\n<link rel=\"canonical\" href=\"https:\/\/www.tourismfastforward.com\/2016\/pressemitteilungen\/\" \/>\n<meta property=\"og:locale\" content=\"en_GB\" \/>\n<meta property=\"og:type\" content=\"article\" \/>\n<meta property=\"og:title\" content=\"Pressemitteilungen - Tourism Fast Forward 2016 | Die Konferenz f\u00fcr innovative Technologien im Tourismus\" \/>\n<meta property=\"og:description\" content=\"Presseaussendungen 2014, November &#8211; TourismFastForward: Kongress zur digitalen Zukunft des Tourismus TTF in der Presse 2015, Februar &#8211; GASTRO Das Fachmagazin &#8211;\u00a0Dieter Fensel ist der Gr\u00fcnder von TourismFastForward 2015, M\u00e4rz &#8211; S\u00fcdtiroler Wirtschaftszeitung &#8211; TourismFastForward \u2013 Kongress mit Fokus auf Sharing Economy, Smart Data und Buchungsplattformen 2015, Dezember &#8211; eco.nova &#8211; Massenweise M\u00f6glichkeiten: Social MediaRead More\" \/>\n<meta property=\"og:url\" content=\"https:\/\/www.tourismfastforward.com\/2016\/pressemitteilungen\/\" \/>\n<meta property=\"og:site_name\" content=\"Tourism Fast Forward 2016 | Die Konferenz f\u00fcr innovative Technologien im Tourismus\" \/>\n<meta property=\"article:published_time\" content=\"2015-07-20T22:48:02+00:00\" \/>\n<meta property=\"article:modified_time\" content=\"2015-12-16T13:57:37+00:00\" \/>\n<meta property=\"og:image\" content=\"https:\/\/www.tourismfastforward.com\/2016\/wp-content\/uploads\/2015\/12\/Logo_TFF_srgbOG.jpg\" \/>\n\t<meta property=\"og:image:width\" content=\"206\" \/>\n\t<meta property=\"og:image:height\" content=\"200\" \/>\n\t<meta property=\"og:image:type\" content=\"image\/jpeg\" \/>\n<meta name=\"twitter:label1\" content=\"Written by\" \/>\n\t<meta name=\"twitter:data1\" content=\"\" \/>\n<script type=\"application\/ld+json\" class=\"yoast-schema-graph\">{\"@context\":\"https:\\\/\\\/schema.org\",\"@graph\":[{\"@type\":\"Article\",\"@id\":\"https:\\\/\\\/www.tourismfastforward.com\\\/2016\\\/pressemitteilungen\\\/#article\",\"isPartOf\":{\"@id\":\"https:\\\/\\\/www.tourismfastforward.com\\\/2016\\\/pressemitteilungen\\\/\"},\"author\":{\"name\":\"\",\"@id\":\"\"},\"headline\":\"Pressemitteilungen\",\"datePublished\":\"2015-07-20T22:48:02+00:00\",\"dateModified\":\"2015-12-16T13:57:37+00:00\",\"mainEntityOfPage\":{\"@id\":\"https:\\\/\\\/www.tourismfastforward.com\\\/2016\\\/pressemitteilungen\\\/\"},\"wordCount\":76,\"inLanguage\":\"en-GB\"},{\"@type\":\"WebPage\",\"@id\":\"https:\\\/\\\/www.tourismfastforward.com\\\/2016\\\/pressemitteilungen\\\/\",\"url\":\"https:\\\/\\\/www.tourismfastforward.com\\\/2016\\\/pressemitteilungen\\\/\",\"name\":\"Pressemitteilungen - Tourism Fast Forward 2016 | Die Konferenz f\u00fcr innovative Technologien im Tourismus\",\"isPartOf\":{\"@id\":\"https:\\\/\\\/www.tourismfastforward.com\\\/2016\\\/#website\"},\"datePublished\":\"2015-07-20T22:48:02+00:00\",\"dateModified\":\"2015-12-16T13:57:37+00:00\",\"author\":{\"@id\":\"\"},\"breadcrumb\":{\"@id\":\"https:\\\/\\\/www.tourismfastforward.com\\\/2016\\\/pressemitteilungen\\\/#breadcrumb\"},\"inLanguage\":\"en-GB\",\"potentialAction\":[{\"@type\":\"ReadAction\",\"target\":[\"https:\\\/\\\/www.tourismfastforward.com\\\/2016\\\/pressemitteilungen\\\/\"]}]},{\"@type\":\"BreadcrumbList\",\"@id\":\"https:\\\/\\\/www.tourismfastforward.com\\\/2016\\\/pressemitteilungen\\\/#breadcrumb\",\"itemListElement\":[{\"@type\":\"ListItem\",\"position\":1,\"name\":\"Home\",\"item\":\"https:\\\/\\\/www.tourismfastforward.com\\\/2016\\\/\"},{\"@type\":\"ListItem\",\"position\":2,\"name\":\"Pressemitteilungen\"}]},{\"@type\":\"WebSite\",\"@id\":\"https:\\\/\\\/www.tourismfastforward.com\\\/2016\\\/#website\",\"url\":\"https:\\\/\\\/www.tourismfastforward.com\\\/2016\\\/\",\"name\":\"Tourism Fast Forward 2016 | Die Konferenz f\u00fcr innovative Technologien im Tourismus\",\"description\":\"Tourism Fast Forward 2016\",\"potentialAction\":[{\"@type\":\"SearchAction\",\"target\":{\"@type\":\"EntryPoint\",\"urlTemplate\":\"https:\\\/\\\/www.tourismfastforward.com\\\/2016\\\/?s={search_term_string}\"},\"query-input\":{\"@type\":\"PropertyValueSpecification\",\"valueRequired\":true,\"valueName\":\"search_term_string\"}}],\"inLanguage\":\"en-GB\"},{\"@type\":\"Person\",\"@id\":\"\",\"url\":\"https:\\\/\\\/www.tourismfastforward.com\\\/2016\\\/author\\\/\"}]}<\/script>\n<!-- \/ Yoast SEO plugin. -->","yoast_head_json":{"title":"Pressemitteilungen - Tourism Fast Forward 2016 | Die Konferenz f\u00fcr innovative Technologien im Tourismus","robots":{"index":"index","follow":"follow","max-snippet":"max-snippet:-1","max-image-preview":"max-image-preview:large","max-video-preview":"max-video-preview:-1"},"canonical":"https:\/\/www.tourismfastforward.com\/2016\/pressemitteilungen\/","og_locale":"en_GB","og_type":"article","og_title":"Pressemitteilungen - Tourism Fast Forward 2016 | Die Konferenz f\u00fcr innovative Technologien im Tourismus","og_description":"Presseaussendungen 2014, November &#8211; TourismFastForward: Kongress zur digitalen Zukunft des Tourismus TTF in der Presse 2015, Februar &#8211; GASTRO Das Fachmagazin &#8211;\u00a0Dieter Fensel ist der Gr\u00fcnder von TourismFastForward 2015, M\u00e4rz &#8211; S\u00fcdtiroler Wirtschaftszeitung &#8211; TourismFastForward \u2013 Kongress mit Fokus auf Sharing Economy, Smart Data und Buchungsplattformen 2015, Dezember &#8211; eco.nova &#8211; Massenweise M\u00f6glichkeiten: Social MediaRead More","og_url":"https:\/\/www.tourismfastforward.com\/2016\/pressemitteilungen\/","og_site_name":"Tourism Fast Forward 2016 | Die Konferenz f\u00fcr innovative Technologien im Tourismus","article_published_time":"2015-07-20T22:48:02+00:00","article_modified_time":"2015-12-16T13:57:37+00:00","og_image":[{"width":206,"height":200,"url":"https:\/\/www.tourismfastforward.com\/2016\/wp-content\/uploads\/2015\/12\/Logo_TFF_srgbOG.jpg","type":"image\/jpeg"}],"twitter_misc":{"Written by":""},"schema":{"@context":"https:\/\/schema.org","@graph":[{"@type":"Article","@id":"https:\/\/www.tourismfastforward.com\/2016\/pressemitteilungen\/#article","isPartOf":{"@id":"https:\/\/www.tourismfastforward.com\/2016\/pressemitteilungen\/"},"author":{"name":"","@id":""},"headline":"Pressemitteilungen","datePublished":"2015-07-20T22:48:02+00:00","dateModified":"2015-12-16T13:57:37+00:00","mainEntityOfPage":{"@id":"https:\/\/www.tourismfastforward.com\/2016\/pressemitteilungen\/"},"wordCount":76,"inLanguage":"en-GB"},{"@type":"WebPage","@id":"https:\/\/www.tourismfastforward.com\/2016\/pressemitteilungen\/","url":"https:\/\/www.tourismfastforward.com\/2016\/pressemitteilungen\/","name":"Pressemitteilungen - Tourism Fast Forward 2016 | Die Konferenz f\u00fcr innovative Technologien im Tourismus","isPartOf":{"@id":"https:\/\/www.tourismfastforward.com\/2016\/#website"},"datePublished":"2015-07-20T22:48:02+00:00","dateModified":"2015-12-16T13:57:37+00:00","author":{"@id":""},"breadcrumb":{"@id":"https:\/\/www.tourismfastforward.com\/2016\/pressemitteilungen\/#breadcrumb"},"inLanguage":"en-GB","potentialAction":[{"@type":"ReadAction","target":["https:\/\/www.tourismfastforward.com\/2016\/pressemitteilungen\/"]}]},{"@type":"BreadcrumbList","@id":"https:\/\/www.tourismfastforward.com\/2016\/pressemitteilungen\/#breadcrumb","itemListElement":[{"@type":"ListItem","position":1,"name":"Home","item":"https:\/\/www.tourismfastforward.com\/2016\/"},{"@type":"ListItem","position":2,"name":"Pressemitteilungen"}]},{"@type":"WebSite","@id":"https:\/\/www.tourismfastforward.com\/2016\/#website","url":"https:\/\/www.tourismfastforward.com\/2016\/","name":"Tourism Fast Forward 2016 | Die Konferenz f\u00fcr innovative Technologien im Tourismus","description":"Tourism Fast Forward 2016","potentialAction":[{"@type":"SearchAction","target":{"@type":"EntryPoint","urlTemplate":"https:\/\/www.tourismfastforward.com\/2016\/?s={search_term_string}"},"query-input":{"@type":"PropertyValueSpecification","valueRequired":true,"valueName":"search_term_string"}}],"inLanguage":"en-GB"},{"@type":"Person","@id":"","url":"https:\/\/www.tourismfastforward.com\/2016\/author\/"}]}},"_links":{"self":[{"href":"https:\/\/www.tourismfastforward.com\/2016\/wp-json\/wp\/v2\/posts\/2561","targetHints":{"allow":["GET"]}}],"collection":[{"href":"https:\/\/www.tourismfastforward.com\/2016\/wp-json\/wp\/v2\/posts"}],"about":[{"href":"https:\/\/www.tourismfastforward.com\/2016\/wp-json\/wp\/v2\/types\/post"}],"author":[{"embeddable":true,"href":"https:\/\/www.tourismfastforward.com\/2016\/wp-json\/wp\/v2\/users\/1"}],"replies":[{"embeddable":true,"href":"https:\/\/www.tourismfastforward.com\/2016\/wp-json\/wp\/v2\/comments?post=2561"}],"version-history":[{"count":10,"href":"https:\/\/www.tourismfastforward.com\/2016\/wp-json\/wp\/v2\/posts\/2561\/revisions"}],"predecessor-version":[{"id":3309,"href":"https:\/\/www.tourismfastforward.com\/2016\/wp-json\/wp\/v2\/posts\/2561\/revisions\/3309"}],"wp:attachment":[{"href":"https:\/\/www.tourismfastforward.com\/2016\/wp-json\/wp\/v2\/media?parent=2561"}],"wp:term":[{"taxonomy":"category","embeddable":true,"href":"https:\/\/www.tourismfastforward.com\/2016\/wp-json\/wp\/v2\/categories?post=2561"},{"taxonomy":"post_tag","embeddable":true,"href":"https:\/\/www.tourismfastforward.com\/2016\/wp-json\/wp\/v2\/tags?post=2561"}],"curies":[{"name":"wp","href":"https:\/\/api.w.org\/{rel}","templated":true}]}}