{"id":455,"date":"2014-12-11T12:14:41","date_gmt":"2014-12-11T12:14:41","guid":{"rendered":"http:\/\/www.tourismfastforward.com\/?p=455"},"modified":"2015-04-21T13:19:40","modified_gmt":"2015-04-21T11:19:40","slug":"partner","status":"publish","type":"post","link":"https:\/\/www.tourismfastforward.com\/2015\/partner\/","title":{"rendered":"partner"},"content":{"rendered":"<div id=\"partner_table_div1\">\n<table id=\"partner_table1\" class=\"partner_table\" style=\"height: 92px;\" width=\"254\">\n<tbody>\n<tr>\n<td><a href=\"http:\/\/www.fh-krems.ac.at\/\" target=\"_blank\"><img loading=\"lazy\" decoding=\"async\" class=\"alignnone size-full wp-image-1073\" src=\"http:\/\/www.tourismfastforward.com\/2015\/wp-content\/uploads\/2015\/02\/imc_fh_krems_sm.jpg\" alt=\"imc_fh_krems_sm\" width=\"220\" height=\"50\" \/><\/a><\/td>\n<\/tr>\n<tr>\n<td><a href=\"http:\/\/www.innsbruck.info\/\" target=\"_blank\"><img loading=\"lazy\" decoding=\"async\" class=\"alignnone size-full wp-image-1074\" src=\"http:\/\/www.tourismfastforward.com\/2015\/wp-content\/uploads\/2015\/02\/innsbruck_tourismus_sm.png\" alt=\"innsbruck_tourismus_sm\" width=\"220\" height=\"106\" \/><\/a><\/td>\n<\/tr>\n<tr>\n<td><a href=\"http:\/\/www.mayrhofen.at\/\" target=\"_blank\"><img loading=\"lazy\" decoding=\"async\" class=\"alignnone size-full wp-image-1075\" src=\"http:\/\/www.tourismfastforward.com\/2015\/wp-content\/uploads\/2015\/02\/mayrhofen_sm.jpg\" alt=\"mayrhofen_sm\" width=\"220\" height=\"194\" \/><\/a><\/td>\n<\/tr>\n<\/tbody>\n<\/table>\n<\/div>\n<div id=\"partner_table_div2\">\n<table id=\"partner_table2\" class=\"partner_table\" style=\"height: 92px;\" width=\"251\">\n<tbody>\n<tr>\n<td><a href=\"https:\/\/www.modul.ac.at\/de\/?gclid=Cj0KEQiAgMKmBRDMjo_F9OfUubABEiQAp8Ky17XVRh-OTn4F4Q2iY_rB9YnZDHmkgvbE30rKr9czbNkaApFN8P8HAQ\" target=\"_blank\"><img loading=\"lazy\" decoding=\"async\" class=\"alignnone size-full wp-image-1076\" src=\"http:\/\/www.tourismfastforward.com\/2015\/wp-content\/uploads\/2015\/02\/modul_vienna_sm.png\" alt=\"modul_vienna_sm\" width=\"220\" height=\"66\" \/><\/a><\/td>\n<\/tr>\n<tr>\n<td><a href=\"http:\/\/www.seekda.travel\/\" target=\"_blank\"><img loading=\"lazy\" decoding=\"async\" class=\"alignnone wp-image-1615 size-full\" src=\"http:\/\/www.tourismfastforward.com\/2015\/wp-content\/uploads\/2014\/12\/NEW-seekda-NEW.jpg\" alt=\"seekda_logo\" width=\"211\" height=\"61\" \/><\/a><\/td>\n<\/tr>\n<tr>\n<td><a href=\"http:\/\/www.standort-tirol.at\/page.cfm?vpath=index\" target=\"_blank\"><img loading=\"lazy\" decoding=\"async\" class=\"alignnone size-full wp-image-1078\" src=\"http:\/\/www.tourismfastforward.com\/2015\/wp-content\/uploads\/2015\/02\/standorg_agentur_sm.jpg\" alt=\"standorg_agentur_sm\" width=\"220\" height=\"50\" \/><\/a><\/td>\n<\/tr>\n<\/tbody>\n<\/table>\n<\/div>\n<div id=\"partner_table_div3\">\n<table id=\"partner_table3\" class=\"partner_table\" style=\"height: 92px;\" width=\"251\">\n<tbody>\n<tr>\n<td><a href=\"http:\/\/sti-innsbruck.at\/\" target=\"_blank\"><img loading=\"lazy\" decoding=\"async\" class=\"alignnone wp-image-1079 size-full\" src=\"http:\/\/www.tourismfastforward.com\/2015\/wp-content\/uploads\/2015\/02\/sti_sm.jpg\" alt=\"sti_innsbruck\" width=\"220\" height=\"86\" \/><\/a><\/td>\n<\/tr>\n<tr>\n<td><a href=\"http:\/\/www.tirolwerbung.at\/\" target=\"_blank\"><img loading=\"lazy\" decoding=\"async\" class=\"alignnone size-full wp-image-1080\" src=\"http:\/\/www.tourismfastforward.com\/2015\/wp-content\/uploads\/2015\/02\/TFF-OC-logo-Tirol-Werbung_sm.jpg\" alt=\"TFF OC logo Tirol Werbung_sm\" width=\"220\" height=\"84\" \/><\/a><\/td>\n<\/tr>\n<tr>\n<td><a href=\"http:\/\/www.tuwien.ac.at\/\" target=\"_blank\"><img loading=\"lazy\" decoding=\"async\" class=\"alignnone size-full wp-image-1081\" src=\"http:\/\/www.tourismfastforward.com\/2015\/wp-content\/uploads\/2015\/02\/tu_wien_sm.jpg\" alt=\"tu_wien_sm\" width=\"220\" height=\"107\" \/><\/a><\/td>\n<\/tr>\n<\/tbody>\n<\/table>\n<\/div>\n","protected":false},"excerpt":{"rendered":"<p><a href=\"partner\"><img loading=\"lazy\" decoding=\"async\" class=\"alignnone size-full wp-image-1242\" src=\"http:\/\/www.tourismfastforward.com\/2015\/wp-content\/uploads\/2015\/02\/share-button-on-keyboard-665x4421.jpg\" alt=\"share-button-on-keyboard-665x4421\" width=\"225\" height=\"119\" \/><\/a><\/p>\n<div style=\"text-align: left;\"><span style=\"font-family: 'arial black', 'avant garde';\"><strong><span style=\"font-size: 18pt;\">PARTNER<\/span><\/strong><\/span><\/div>\n<div style=\"text-align: left;\"><span style=\"font-family: arial,helvetica,sans-serif; font-size: 12pt;\">Wir freuen uns \u00fcber unsere Kooperation mit akademischer-tourismusmanager.at. Informieren Sie sich \u00fcber die neuen Universit\u00e4tslehrg\u00e4nge zum akademischen Tourismusmanager, diplomierten Tourismusmanager und zertifizierten Tourismusmanager.<a href=\"partner\"><img loading=\"lazy\" decoding=\"async\" class=\"alignnone size-full wp-image-217\" src=\"http:\/\/www.tourismfastforward.com\/2015\/wp-content\/uploads\/2014\/12\/ff-arrow.png\" alt=\"ff-arrow\" width=\"26\" height=\"15\" \/> <\/a><\/span><\/div>\n","protected":false},"author":1,"featured_media":0,"comment_status":"closed","ping_status":"closed","sticky":false,"template":"","format":"standard","meta":{"ngg_post_thumbnail":0,"footnotes":""},"categories":[1],"tags":[],"class_list":["post-455","post","type-post","status-publish","format-standard","hentry","category-uncategorised"],"yoast_head":"<!-- This site is optimized with the Yoast SEO plugin v27.5 - https:\/\/yoast.com\/product\/yoast-seo-wordpress\/ -->\n<title>partner - Tourism Fast Forward 2015 | Die Konferenz f\u00fcr innovative Technologien im Tourismus<\/title>\n<meta name=\"robots\" content=\"index, follow, max-snippet:-1, max-image-preview:large, max-video-preview:-1\" \/>\n<link rel=\"canonical\" href=\"https:\/\/www.tourismfastforward.com\/2015\/partner\/\" \/>\n<meta property=\"og:locale\" content=\"en_GB\" \/>\n<meta property=\"og:type\" content=\"article\" \/>\n<meta property=\"og:title\" content=\"partner - Tourism Fast Forward 2015 | Die Konferenz f\u00fcr innovative Technologien im Tourismus\" \/>\n<meta property=\"og:description\" content=\"PARTNER Wir freuen uns \u00fcber unsere Kooperation mit akademischer-tourismusmanager.at. Informieren Sie sich \u00fcber die neuen Universit\u00e4tslehrg\u00e4nge zum akademischen Tourismusmanager, diplomierten Tourismusmanager und zertifizierten Tourismusmanager.\" \/>\n<meta property=\"og:url\" content=\"https:\/\/www.tourismfastforward.com\/2015\/partner\/\" \/>\n<meta property=\"og:site_name\" content=\"Tourism Fast Forward 2015 | Die Konferenz f\u00fcr innovative Technologien im Tourismus\" \/>\n<meta property=\"article:published_time\" content=\"2014-12-11T12:14:41+00:00\" \/>\n<meta property=\"article:modified_time\" content=\"2015-04-21T11:19:40+00:00\" \/>\n<meta property=\"og:image\" content=\"http:\/\/www.tourismfastforward.com\/2015\/wp-content\/uploads\/2015\/02\/imc_fh_krems_sm.jpg\" \/>\n<meta name=\"twitter:label1\" content=\"Written by\" \/>\n\t<meta name=\"twitter:data1\" content=\"\" \/>\n<script type=\"application\/ld+json\" class=\"yoast-schema-graph\">{\"@context\":\"https:\\\/\\\/schema.org\",\"@graph\":[{\"@type\":\"Article\",\"@id\":\"https:\\\/\\\/www.tourismfastforward.com\\\/2015\\\/partner\\\/#article\",\"isPartOf\":{\"@id\":\"https:\\\/\\\/www.tourismfastforward.com\\\/2015\\\/partner\\\/\"},\"author\":{\"name\":\"\",\"@id\":\"\"},\"headline\":\"partner\",\"datePublished\":\"2014-12-11T12:14:41+00:00\",\"dateModified\":\"2015-04-21T11:19:40+00:00\",\"mainEntityOfPage\":{\"@id\":\"https:\\\/\\\/www.tourismfastforward.com\\\/2015\\\/partner\\\/\"},\"wordCount\":1,\"image\":{\"@id\":\"https:\\\/\\\/www.tourismfastforward.com\\\/2015\\\/partner\\\/#primaryimage\"},\"thumbnailUrl\":\"http:\\\/\\\/www.tourismfastforward.com\\\/2015\\\/wp-content\\\/uploads\\\/2015\\\/02\\\/imc_fh_krems_sm.jpg\",\"inLanguage\":\"en-GB\"},{\"@type\":\"WebPage\",\"@id\":\"https:\\\/\\\/www.tourismfastforward.com\\\/2015\\\/partner\\\/\",\"url\":\"https:\\\/\\\/www.tourismfastforward.com\\\/2015\\\/partner\\\/\",\"name\":\"partner - Tourism Fast Forward 2015 | Die Konferenz f\u00fcr innovative Technologien im Tourismus\",\"isPartOf\":{\"@id\":\"https:\\\/\\\/www.tourismfastforward.com\\\/2015\\\/#website\"},\"primaryImageOfPage\":{\"@id\":\"https:\\\/\\\/www.tourismfastforward.com\\\/2015\\\/partner\\\/#primaryimage\"},\"image\":{\"@id\":\"https:\\\/\\\/www.tourismfastforward.com\\\/2015\\\/partner\\\/#primaryimage\"},\"thumbnailUrl\":\"http:\\\/\\\/www.tourismfastforward.com\\\/2015\\\/wp-content\\\/uploads\\\/2015\\\/02\\\/imc_fh_krems_sm.jpg\",\"datePublished\":\"2014-12-11T12:14:41+00:00\",\"dateModified\":\"2015-04-21T11:19:40+00:00\",\"author\":{\"@id\":\"\"},\"breadcrumb\":{\"@id\":\"https:\\\/\\\/www.tourismfastforward.com\\\/2015\\\/partner\\\/#breadcrumb\"},\"inLanguage\":\"en-GB\",\"potentialAction\":[{\"@type\":\"ReadAction\",\"target\":[\"https:\\\/\\\/www.tourismfastforward.com\\\/2015\\\/partner\\\/\"]}]},{\"@type\":\"ImageObject\",\"inLanguage\":\"en-GB\",\"@id\":\"https:\\\/\\\/www.tourismfastforward.com\\\/2015\\\/partner\\\/#primaryimage\",\"url\":\"http:\\\/\\\/www.tourismfastforward.com\\\/2015\\\/wp-content\\\/uploads\\\/2015\\\/02\\\/imc_fh_krems_sm.jpg\",\"contentUrl\":\"http:\\\/\\\/www.tourismfastforward.com\\\/2015\\\/wp-content\\\/uploads\\\/2015\\\/02\\\/imc_fh_krems_sm.jpg\"},{\"@type\":\"BreadcrumbList\",\"@id\":\"https:\\\/\\\/www.tourismfastforward.com\\\/2015\\\/partner\\\/#breadcrumb\",\"itemListElement\":[{\"@type\":\"ListItem\",\"position\":1,\"name\":\"Home\",\"item\":\"https:\\\/\\\/www.tourismfastforward.com\\\/2015\\\/\"},{\"@type\":\"ListItem\",\"position\":2,\"name\":\"partner\"}]},{\"@type\":\"WebSite\",\"@id\":\"https:\\\/\\\/www.tourismfastforward.com\\\/2015\\\/#website\",\"url\":\"https:\\\/\\\/www.tourismfastforward.com\\\/2015\\\/\",\"name\":\"Tourism Fast Forward 2015 | Die Konferenz f\u00fcr innovative Technologien im Tourismus\",\"description\":\"Tourism Fast Forward 2015\",\"potentialAction\":[{\"@type\":\"SearchAction\",\"target\":{\"@type\":\"EntryPoint\",\"urlTemplate\":\"https:\\\/\\\/www.tourismfastforward.com\\\/2015\\\/?s={search_term_string}\"},\"query-input\":{\"@type\":\"PropertyValueSpecification\",\"valueRequired\":true,\"valueName\":\"search_term_string\"}}],\"inLanguage\":\"en-GB\"},{\"@type\":\"Person\",\"@id\":\"\",\"url\":\"https:\\\/\\\/www.tourismfastforward.com\\\/2015\\\/author\\\/\"}]}<\/script>\n<!-- \/ Yoast SEO plugin. -->","yoast_head_json":{"title":"partner - Tourism Fast Forward 2015 | Die Konferenz f\u00fcr innovative Technologien im Tourismus","robots":{"index":"index","follow":"follow","max-snippet":"max-snippet:-1","max-image-preview":"max-image-preview:large","max-video-preview":"max-video-preview:-1"},"canonical":"https:\/\/www.tourismfastforward.com\/2015\/partner\/","og_locale":"en_GB","og_type":"article","og_title":"partner - Tourism Fast Forward 2015 | Die Konferenz f\u00fcr innovative Technologien im Tourismus","og_description":"PARTNER Wir freuen uns \u00fcber unsere Kooperation mit akademischer-tourismusmanager.at. Informieren Sie sich \u00fcber die neuen Universit\u00e4tslehrg\u00e4nge zum akademischen Tourismusmanager, diplomierten Tourismusmanager und zertifizierten Tourismusmanager.","og_url":"https:\/\/www.tourismfastforward.com\/2015\/partner\/","og_site_name":"Tourism Fast Forward 2015 | Die Konferenz f\u00fcr innovative Technologien im Tourismus","article_published_time":"2014-12-11T12:14:41+00:00","article_modified_time":"2015-04-21T11:19:40+00:00","og_image":[{"url":"http:\/\/www.tourismfastforward.com\/2015\/wp-content\/uploads\/2015\/02\/imc_fh_krems_sm.jpg","type":"","width":"","height":""}],"twitter_misc":{"Written by":""},"schema":{"@context":"https:\/\/schema.org","@graph":[{"@type":"Article","@id":"https:\/\/www.tourismfastforward.com\/2015\/partner\/#article","isPartOf":{"@id":"https:\/\/www.tourismfastforward.com\/2015\/partner\/"},"author":{"name":"","@id":""},"headline":"partner","datePublished":"2014-12-11T12:14:41+00:00","dateModified":"2015-04-21T11:19:40+00:00","mainEntityOfPage":{"@id":"https:\/\/www.tourismfastforward.com\/2015\/partner\/"},"wordCount":1,"image":{"@id":"https:\/\/www.tourismfastforward.com\/2015\/partner\/#primaryimage"},"thumbnailUrl":"http:\/\/www.tourismfastforward.com\/2015\/wp-content\/uploads\/2015\/02\/imc_fh_krems_sm.jpg","inLanguage":"en-GB"},{"@type":"WebPage","@id":"https:\/\/www.tourismfastforward.com\/2015\/partner\/","url":"https:\/\/www.tourismfastforward.com\/2015\/partner\/","name":"partner - Tourism Fast Forward 2015 | Die Konferenz f\u00fcr innovative Technologien im Tourismus","isPartOf":{"@id":"https:\/\/www.tourismfastforward.com\/2015\/#website"},"primaryImageOfPage":{"@id":"https:\/\/www.tourismfastforward.com\/2015\/partner\/#primaryimage"},"image":{"@id":"https:\/\/www.tourismfastforward.com\/2015\/partner\/#primaryimage"},"thumbnailUrl":"http:\/\/www.tourismfastforward.com\/2015\/wp-content\/uploads\/2015\/02\/imc_fh_krems_sm.jpg","datePublished":"2014-12-11T12:14:41+00:00","dateModified":"2015-04-21T11:19:40+00:00","author":{"@id":""},"breadcrumb":{"@id":"https:\/\/www.tourismfastforward.com\/2015\/partner\/#breadcrumb"},"inLanguage":"en-GB","potentialAction":[{"@type":"ReadAction","target":["https:\/\/www.tourismfastforward.com\/2015\/partner\/"]}]},{"@type":"ImageObject","inLanguage":"en-GB","@id":"https:\/\/www.tourismfastforward.com\/2015\/partner\/#primaryimage","url":"http:\/\/www.tourismfastforward.com\/2015\/wp-content\/uploads\/2015\/02\/imc_fh_krems_sm.jpg","contentUrl":"http:\/\/www.tourismfastforward.com\/2015\/wp-content\/uploads\/2015\/02\/imc_fh_krems_sm.jpg"},{"@type":"BreadcrumbList","@id":"https:\/\/www.tourismfastforward.com\/2015\/partner\/#breadcrumb","itemListElement":[{"@type":"ListItem","position":1,"name":"Home","item":"https:\/\/www.tourismfastforward.com\/2015\/"},{"@type":"ListItem","position":2,"name":"partner"}]},{"@type":"WebSite","@id":"https:\/\/www.tourismfastforward.com\/2015\/#website","url":"https:\/\/www.tourismfastforward.com\/2015\/","name":"Tourism Fast Forward 2015 | Die Konferenz f\u00fcr innovative Technologien im Tourismus","description":"Tourism Fast Forward 2015","potentialAction":[{"@type":"SearchAction","target":{"@type":"EntryPoint","urlTemplate":"https:\/\/www.tourismfastforward.com\/2015\/?s={search_term_string}"},"query-input":{"@type":"PropertyValueSpecification","valueRequired":true,"valueName":"search_term_string"}}],"inLanguage":"en-GB"},{"@type":"Person","@id":"","url":"https:\/\/www.tourismfastforward.com\/2015\/author\/"}]}},"_links":{"self":[{"href":"https:\/\/www.tourismfastforward.com\/2015\/wp-json\/wp\/v2\/posts\/455","targetHints":{"allow":["GET"]}}],"collection":[{"href":"https:\/\/www.tourismfastforward.com\/2015\/wp-json\/wp\/v2\/posts"}],"about":[{"href":"https:\/\/www.tourismfastforward.com\/2015\/wp-json\/wp\/v2\/types\/post"}],"author":[{"embeddable":true,"href":"https:\/\/www.tourismfastforward.com\/2015\/wp-json\/wp\/v2\/users\/1"}],"replies":[{"embeddable":true,"href":"https:\/\/www.tourismfastforward.com\/2015\/wp-json\/wp\/v2\/comments?post=455"}],"version-history":[{"count":99,"href":"https:\/\/www.tourismfastforward.com\/2015\/wp-json\/wp\/v2\/posts\/455\/revisions"}],"predecessor-version":[{"id":2303,"href":"https:\/\/www.tourismfastforward.com\/2015\/wp-json\/wp\/v2\/posts\/455\/revisions\/2303"}],"wp:attachment":[{"href":"https:\/\/www.tourismfastforward.com\/2015\/wp-json\/wp\/v2\/media?parent=455"}],"wp:term":[{"taxonomy":"category","embeddable":true,"href":"https:\/\/www.tourismfastforward.com\/2015\/wp-json\/wp\/v2\/categories?post=455"},{"taxonomy":"post_tag","embeddable":true,"href":"https:\/\/www.tourismfastforward.com\/2015\/wp-json\/wp\/v2\/tags?post=455"}],"curies":[{"name":"wp","href":"https:\/\/api.w.org\/{rel}","templated":true}]}}