{"id":229,"date":"2014-12-05T07:57:08","date_gmt":"2014-12-05T07:57:08","guid":{"rendered":"http:\/\/www.tourismfastforward.com\/wordpress\/?p=229"},"modified":"2015-04-21T13:27:29","modified_gmt":"2015-04-21T11:27:29","slug":"programm","status":"publish","type":"post","link":"https:\/\/www.tourismfastforward.com\/2015\/programm\/","title":{"rendered":"Programm &#8211; Tourism Fast Forward"},"content":{"rendered":"<h3 class=\"text-headline\"><span style=\"font-size: 24pt; font-family: arial black,avant garde;\"><span style=\"color: #999999;\"><strong>TAG 1:<\/strong><\/span><br \/>\n<\/span><\/h3>\n<table class=\"programm_table\">\n<tbody>\n<tr class=\"programm_bordered_bottom\">\n<td class=\"programm_time\"><span style=\"font-size: 12pt; font-family: arial,helvetica,sans-serif;\">10:00 &#8211; 10:15<\/span><\/td>\n<td style=\"text-align: left;\">\n<p><strong><span style=\"font-size: 12pt; font-family: arial,helvetica,sans-serif;\">Begr\u00fc\u00dfung, Zielsetzung und Struktur des Symposiums<\/span><\/strong><\/p>\n<p><span style=\"font-family: arial,helvetica,sans-serif; font-size: 12pt;\">Dieter Fensel, STI Innsbruck<\/span><\/p>\n<p><span style=\"font-family: arial,helvetica,sans-serif; font-size: 12pt;\">Andreas Lackner, Tourismusverband Mayrhofen-Hippach<\/span><\/td>\n<\/tr>\n<tr>\n<td class=\"programm_time\"><span style=\"font-size: 12pt; font-family: arial,helvetica,sans-serif;\">10:15 &#8211; 11:45<\/span><\/td>\n<td style=\"text-align: left;\">\n<p><strong><span style=\"font-size: 12pt; font-family: arial,helvetica,sans-serif;\">Themenblock 1: <span style=\"font-size: 18pt;\">BUCHUNGS<wbr \/>PORTALE<\/span><\/span><\/strong><\/p>\n<p><strong><span style=\"font-size: 12pt; font-family: arial,helvetica,sans-serif;\">Moderator: Eckard Speckbacher<\/span><\/strong><\/p>\n<p class=\"normal-text\"><span style=\"font-size: 12pt; font-family: arial,helvetica,sans-serif;\">Gila Gfader, Booking.com, \u201eBooking.com &#8211; Die Reise beginnt im Netz\u201c<br \/>\n<\/span><\/p>\n<p class=\"normal-text\"><span style=\"font-size: 12pt; font-family: arial,helvetica,sans-serif;\">Markus Schmid, Booking Valais, \u201eBooking Valais &#8211; eine Erfolgs<wbr \/>geschichte aus dem Wallis\u201c<br \/>\n<\/span><\/p>\n<\/td>\n<\/tr>\n<tr class=\"programm_bordered_bottom\">\n<td class=\"programm_time\"><span style=\"font-size: 12pt; font-family: arial,helvetica,sans-serif;\">11:45 &#8211; 12:00<\/span><\/td>\n<td style=\"text-align: left;\"><strong><span style=\"font-size: 12pt; font-family: arial,helvetica,sans-serif;\">PAUSE<\/span><\/strong><\/td>\n<\/tr>\n<tr>\n<td class=\"programm_time\"><span style=\"font-size: 12pt; font-family: arial,helvetica,sans-serif;\">12:00 &#8211; 13:30<\/span><\/td>\n<td style=\"text-align: left;\">\n<p><strong><span style=\"font-size: 12pt; font-family: arial,helvetica,sans-serif;\">Themenblock 2: <span style=\"font-size: 18pt;\">SHARING ECONOMY<\/span><\/span><\/strong><\/p>\n<p><strong><span style=\"font-size: 12pt; font-family: arial,helvetica,sans-serif;\">Moderator: Bernhard Rieder<\/span><\/strong><\/p>\n<p class=\"normal-text\"><span style=\"font-size: 12pt; font-family: arial,helvetica,sans-serif;\">Christian Maurer, IMC FH Krems, \u201eSharing Economy und die neuen Businessmodelle \u2013 ein \u00dcberblick\u201c<\/span><\/p>\n<p class=\"normal-text\"><span style=\"font-size: 12pt; font-family: arial,helvetica,sans-serif;\">Harald Heinrichs, Universit\u00e4t L\u00fcneburg, \u201eZielgruppe \u201eUser\u201c \u2013 worauf sich Touristiker einstellen sollten\u201c<\/span><\/p>\n<\/td>\n<\/tr>\n<tr class=\"programm_bordered_bottom\">\n<td class=\"programm_time\"><span style=\"font-size: 12pt; font-family: arial,helvetica,sans-serif;\">13:30 &#8211; 15:00<\/span><\/td>\n<td style=\"text-align: left;\"><strong><span style=\"font-size: 12pt; font-family: arial,helvetica,sans-serif;\">LUNCH<\/span><\/strong><\/td>\n<\/tr>\n<tr>\n<td class=\"programm_time\"><span style=\"font-size: 12pt; font-family: arial,helvetica,sans-serif;\">15:00 &#8211; 16:30<\/span><\/td>\n<td style=\"text-align: left;\">\n<p><strong><span style=\"font-size: 12pt; font-family: arial,helvetica,sans-serif;\">Themenblock 2: <span style=\"font-size: 18pt;\">SHARING ECONOMY<\/span><\/span><\/strong><\/p>\n<p><strong><span style=\"font-size: 12pt; font-family: arial,helvetica,sans-serif;\">Moderator: Andreas Lackner<\/span><\/strong><\/p>\n<p class=\"normal-text\"><span style=\"font-size: 12pt; font-family: arial,helvetica,sans-serif;\">Michael Kuhndt, CSCP gGmbH, \u201eNachhaltigkeit als Businessmodell\u201c<\/span><\/p>\n<p class=\"normal-text\"><span style=\"font-size: 12pt; font-family: arial,helvetica,sans-serif;\">Christopher Cederskog, Airbnb, \u201ePhilosophie und Beispiele f\u00fcr die zielgruppenorientierte Buchung\u201c<\/span><\/p>\n<\/td>\n<\/tr>\n<tr class=\"programm_bordered_bottom\">\n<td class=\"programm_time\"><span style=\"font-size: 12pt; font-family: arial,helvetica,sans-serif;\">16:30 &#8211; 17:00<\/span><\/td>\n<td style=\"text-align: left;\"><strong><span style=\"font-size: 12pt; font-family: arial,helvetica,sans-serif;\">PAUSE<\/span><\/strong><\/td>\n<\/tr>\n<tr class=\"programm_bordered_bottom\">\n<td class=\"programm_time\"><span style=\"font-size: 12pt; font-family: arial,helvetica,sans-serif;\">17:00 &#8211; 18:00<\/span><\/td>\n<td style=\"text-align: left;\">\n<p><strong><span style=\"font-size: 12pt; font-family: arial,helvetica,sans-serif;\">DISKUSSION &#8211; WRAP UP &#8211; AUSBLICK<\/span><\/strong><\/p>\n<p><strong><span style=\"font-size: 12pt; font-family: arial,helvetica,sans-serif;\">Moderator: Andreas Lackner<\/span><\/strong><\/p>\n<p><span style=\"font-size: 12pt; font-family: arial,helvetica,sans-serif;\">Einleitung durch Thomas Reisenzahn, Prodinger|GFB Tourismusberatung<br \/>\n<\/span><\/p>\n<p><span style=\"font-size: 12pt; font-family: arial,helvetica,sans-serif;\">Auswirkungen der Sharing Economy aus rechtlicher und fiskalpolitischer Sicht<\/span><\/td>\n<\/tr>\n<tr class=\"programm_bordered_bottom\">\n<td class=\"programm_time\"><span style=\"font-size: 12pt; font-family: arial,helvetica,sans-serif;\">19:30 &#8211; 22:00<\/span><\/td>\n<td style=\"text-align: left;\"><strong><span style=\"font-size: 12pt; font-family: arial,helvetica,sans-serif;\">ABENDESSEN (DINNER SPEECH)<\/span><\/strong><\/td>\n<\/tr>\n<tr class=\"programm_bordered_bottom\">\n<td class=\"programm_time\"><span style=\"font-size: 12pt; font-family: arial,helvetica,sans-serif;\">                                    <\/span><\/td>\n<td style=\"text-align: left;\">\n<p>&nbsp;<\/p>\n<p><a title=\"Rahmenprogramm\" href=\"rahmenprogramm\"><span style=\"font-size: 18pt;\"><strong><span style=\"font-family: arial,helvetica,sans-serif;\">RAHMEN<wbr>PROGRAMM TAG 1<\/span><\/strong><\/span><\/a><\/p>\n<p>&nbsp;<\/td>\n<\/tr>\n<\/tbody>\n<\/table>\n<h3 class=\"text-headline\"><span style=\"font-size: 24pt; font-family: arial black,avant garde;\"><span style=\"color: #999999;\"><strong>TAG 2:<\/strong><\/span><br \/>\n<\/span><\/h3>\n<table class=\"programm_table\">\n<tbody>\n<tr class=\"programm_bordered_bottom\">\n<td class=\"programm_time\"><span style=\"font-family: arial,helvetica,sans-serif; font-size: 12pt;\">9:30 &#8211; 9:45<\/span><\/td>\n<td style=\"text-align: left;\">\n<p><strong><span style=\"font-family: arial,helvetica,sans-serif; font-size: 12pt;\">Begr\u00fc\u00dfung,  Reflexion Tag 1, Themen und Struktur Tag 2<\/span><\/strong><\/p>\n<p><span style=\"font-family: arial,helvetica,sans-serif; font-size: 12pt;\">Andreas Lackner, Tourismusverband Mayrhofen-Hippach<\/span><\/p>\n<p><span style=\"font-family: arial,helvetica,sans-serif; font-size: 12pt;\">Christian Maurer, IMC FH Krems<br \/>\n<\/span><\/td>\n<\/tr>\n<tr>\n<td class=\"programm_time\"><span style=\"font-family: arial,helvetica,sans-serif; font-size: 12pt;\">9:45 &#8211; 11:15<\/span><\/td>\n<td style=\"text-align: left;\">\n<p><strong><span style=\"font-family: arial,helvetica,sans-serif; font-size: 12pt;\">Themenblock 2: <span style=\"font-size: 18pt;\">SHARING ECONOMY &#8211; Best Practices Beispiele<\/span><\/span><\/strong><\/p>\n<p><strong><span style=\"font-family: arial,helvetica,sans-serif; font-size: 12pt;\">Moderator: Christian Maurer<\/span><\/strong><\/p>\n<p class=\"normal-text\"><span style=\"font-family: arial,helvetica,sans-serif; font-size: 12pt;\">Klaus Niederacher, seekda \u2013 \u201eb2b-Marktpl\u00e4tze\u201c<\/span><\/p>\n<p class=\"normal-text\"><span style=\"font-family: arial,helvetica,sans-serif; font-size: 12pt;\">Tom Breckwoldt, TripAdvisor &#8211; \u201eBest practice sharing interpretation\u201c<\/span><\/p>\n<\/td>\n<\/tr>\n<tr class=\"programm_bordered_bottom\">\n<td class=\"programm_time\"><span style=\"font-family: arial,helvetica,sans-serif; font-size: 12pt;\">11:15 &#8211; 11:45<\/span><\/td>\n<td style=\"text-align: left;\"><strong><span style=\"font-family: arial,helvetica,sans-serif; font-size: 12pt;\">PAUSE<\/span><\/strong><\/td>\n<\/tr>\n<tr>\n<td class=\"programm_time\"><span style=\"font-family: arial,helvetica,sans-serif; font-size: 12pt;\">11:45 &#8211; 13:30<\/span><\/td>\n<td style=\"text-align: left;\">\n<p><strong><span style=\"font-family: arial,helvetica,sans-serif; font-size: 12pt;\">Themenblock 3: <span style=\"font-size: 18pt;\">SMART DATA<\/span><\/span><\/strong><\/p>\n<p><strong><span style=\"font-family: arial,helvetica,sans-serif; font-size: 12pt;\">Moderator: Dieter Fensel<\/span><\/strong><\/p>\n<p class=\"normal-text\"><span style=\"font-family: arial,helvetica,sans-serif; font-size: 12pt;\">Christian Bizer, Universit\u00e4t Mannheim, \u201e<span lang=\"DE\">Schema.org-Annotationen in Webseiten: Potentiale und Herausforderungen f\u00fcr die Tourismusindustrie<\/span>\u201c<br \/>\n<\/span><\/p>\n<p class=\"normal-text\"><span lang=\"DE\" style=\"font-family: arial,helvetica,sans-serif; font-size: 12pt;\">Elias K\u00e4rle, STI Innsbruck, &#8220;Die Verbreitung von schema.org auf Hotelwebseiten &#8211; eine Analyse basierend auf dem WDC Datensatz&#8221;<\/span><\/p>\n<p class=\"normal-text\"><span lang=\"DE\" style=\"font-family: arial,helvetica,sans-serif; font-size: 12pt;\">Christoph Hoffinger, reach out Online Marketing, \u201eMit schema.org zu Rich Snippets \u2013 Anwendungsm\u00f6glichkeiten f\u00fcr die Tourismusbranche\u201c<\/span><\/p>\n<\/td>\n<\/tr>\n<tr class=\"programm_bordered_bottom\">\n<td class=\"programm_time\"><span style=\"font-family: arial,helvetica,sans-serif; font-size: 12pt;\">13:30 &#8211; 14:30<\/span><\/td>\n<td style=\"text-align: left;\"><strong><span style=\"font-family: arial,helvetica,sans-serif; font-size: 12pt;\">LUNCH<\/span><\/strong><\/td>\n<\/tr>\n<tr>\n<td class=\"programm_time\"><span style=\"font-family: arial,helvetica,sans-serif; font-size: 12pt;\">14:30 &#8211; 16:00<\/span><\/td>\n<td style=\"text-align: left;\"><strong><strong><span style=\"font-family: arial,helvetica,sans-serif; font-size: 12pt;\">Themenblock 4: <span style=\"font-size: 18pt;\">BEST PRACTICES<\/span><br \/>\n<\/span><\/strong><\/strong><strong><span style=\"font-family: arial,helvetica,sans-serif; font-size: 12pt;\">Moderator: Renate Leitner<\/span><\/strong><\/p>\n<p class=\"normal-text\"><span style=\"font-family: arial,helvetica,sans-serif; font-size: 12pt;\"><span lang=\"DE-AT\">Monica Nadegger<\/span><span lang=\"DE\">, Innsbruck Tourismus, \u201e<\/span><span lang=\"DE-AT\">Case Study  &#8211; Lead Generierung und Sales \u00fcber Social Media<\/span><span lang=\"DE\">\u201c<\/span><\/span><\/p>\n<p class=\"normal-text\"><span style=\"font-family: arial,helvetica,sans-serif; font-size: 12pt;\">Hannes Waldhart, Waldhart Software, \u201eMobile Informationsfl\u00fcsse in Skischulen: Wie informiere ich 500 Leute in der gleichen Minute?\u201c<\/span><\/p>\n<p class=\"normal-text\"><span style=\"font-family: arial,helvetica,sans-serif; font-size: 12pt;\">Axel Prey, p&amp;p Marketing GmbH, \u201eNeue Medien und Content-Marketing\u201c<\/span><\/p>\n<p class=\"normal-text\"><span style=\"font-size: 12pt; font-family: arial,helvetica,sans-serif;\">Marius Donhauser, hotelkit, \u201eHotelorganisation 2.0 &#8211; Modernes Teamwork in Zeiten von WhatsApp &amp; Co.\u201c<\/span><\/p>\n<\/td>\n<\/tr>\n<tr class=\"programm_bordered_bottom\">\n<td class=\"programm_time\"><span style=\"font-family: arial,helvetica,sans-serif; font-size: 12pt;\">16:00 &#8211; 16:30<\/span><\/td>\n<td style=\"text-align: left;\"><strong><span style=\"font-family: arial,helvetica,sans-serif; font-size: 12pt;\">PAUSE<\/span><\/strong><\/td>\n<\/tr>\n<tr class=\"programm_bordered_bottom\">\n<td class=\"programm_time\"><span style=\"font-family: arial,helvetica,sans-serif; font-size: 12pt;\">16:30 &#8211; 17:30<\/span><\/td>\n<td style=\"text-align: left;\">\n<p><strong><span style=\"font-family: arial,helvetica,sans-serif; font-size: 12pt;\">DISKUSSION &#8211; WRAP UP &#8211; AUSBLICK<\/span><\/strong><\/p>\n<p><strong><span style=\"font-size: 12pt; font-family: arial,helvetica,sans-serif;\">Moderator: Renate Leitner, Christian Maurer<br \/>\n<\/span><\/strong><\/td>\n<\/tr>\n<tr class=\"programm_bordered_bottom\">\n<td class=\"programm_time\"><\/td>\n<td style=\"text-align: left;\">\n<p>&nbsp;<\/p>\n<p><strong><span style=\"font-family: arial,helvetica,sans-serif; font-size: 12pt;\"><span style=\"font-size: 18pt;\"><a title=\"Rahmenprogramm Tag 2\" href=\"rahmenprogramm-tag-2\">RAHMEN<wbr>PROGRAMM TAG 2<\/a><br \/>\n<\/span><\/span><\/strong><\/p>\n<p>&nbsp;<\/td>\n<\/tr>\n<\/tbody>\n<\/table>\n<p>&nbsp;<\/p>\n","protected":false},"excerpt":{"rendered":"<p>TAG 1: 10:00 &#8211; 10:15 Begr\u00fc\u00dfung, Zielsetzung und Struktur des Symposiums Dieter Fensel, STI Innsbruck Andreas Lackner, Tourismusverband Mayrhofen-Hippach 10:15 &#8211; 11:45 Themenblock 1: BUCHUNGSPORTALE Moderator: Eckard Speckbacher Gila Gfader, Booking.com, \u201eBooking.com &#8211; Die Reise beginnt im Netz\u201c Markus Schmid, Booking Valais, \u201eBooking Valais &#8211; eine Erfolgsgeschichte aus dem Wallis\u201c 11:45 &#8211; 12:00 PAUSE 12:00<\/p>\n<p><a href=\"https:\/\/www.tourismfastforward.com\/2015\/programm\/\" class=\"more-link themebutton\">Read More<\/a><\/p>\n","protected":false},"author":1,"featured_media":0,"comment_status":"closed","ping_status":"closed","sticky":false,"template":"","format":"standard","meta":{"ngg_post_thumbnail":0,"footnotes":""},"categories":[1],"tags":[],"class_list":["post-229","post","type-post","status-publish","format-standard","hentry","category-uncategorised"],"yoast_head":"<!-- This site is optimized with the Yoast SEO plugin v27.5 - https:\/\/yoast.com\/product\/yoast-seo-wordpress\/ -->\n<title>Programm - Tourism Fast Forward - Tourism Fast Forward 2015 | Die Konferenz f\u00fcr innovative Technologien im Tourismus<\/title>\n<meta name=\"robots\" content=\"index, follow, max-snippet:-1, max-image-preview:large, max-video-preview:-1\" \/>\n<link rel=\"canonical\" href=\"https:\/\/www.tourismfastforward.com\/2015\/programm\/\" \/>\n<meta property=\"og:locale\" content=\"en_GB\" \/>\n<meta property=\"og:type\" content=\"article\" \/>\n<meta property=\"og:title\" content=\"Programm - Tourism Fast Forward - Tourism Fast Forward 2015 | Die Konferenz f\u00fcr innovative Technologien im Tourismus\" \/>\n<meta property=\"og:description\" content=\"TAG 1: 10:00 &#8211; 10:15 Begr\u00fc\u00dfung, Zielsetzung und Struktur des Symposiums Dieter Fensel, STI Innsbruck Andreas Lackner, Tourismusverband Mayrhofen-Hippach 10:15 &#8211; 11:45 Themenblock 1: BUCHUNGSPORTALE Moderator: Eckard Speckbacher Gila Gfader, Booking.com, \u201eBooking.com &#8211; Die Reise beginnt im Netz\u201c Markus Schmid, Booking Valais, \u201eBooking Valais &#8211; eine Erfolgsgeschichte aus dem Wallis\u201c 11:45 &#8211; 12:00 PAUSE 12:00Read More\" \/>\n<meta property=\"og:url\" content=\"https:\/\/www.tourismfastforward.com\/2015\/programm\/\" \/>\n<meta property=\"og:site_name\" content=\"Tourism Fast Forward 2015 | Die Konferenz f\u00fcr innovative Technologien im Tourismus\" \/>\n<meta property=\"article:published_time\" content=\"2014-12-05T07:57:08+00:00\" \/>\n<meta property=\"article:modified_time\" content=\"2015-04-21T11:27:29+00:00\" \/>\n<meta name=\"twitter:label1\" content=\"Written by\" \/>\n\t<meta name=\"twitter:data1\" content=\"\" \/>\n\t<meta name=\"twitter:label2\" content=\"Estimated reading time\" \/>\n\t<meta name=\"twitter:data2\" content=\"2 minutes\" \/>\n<script type=\"application\/ld+json\" class=\"yoast-schema-graph\">{\"@context\":\"https:\\\/\\\/schema.org\",\"@graph\":[{\"@type\":\"Article\",\"@id\":\"https:\\\/\\\/www.tourismfastforward.com\\\/2015\\\/programm\\\/#article\",\"isPartOf\":{\"@id\":\"https:\\\/\\\/www.tourismfastforward.com\\\/2015\\\/programm\\\/\"},\"author\":{\"name\":\"\",\"@id\":\"\"},\"headline\":\"Programm &#8211; Tourism Fast Forward\",\"datePublished\":\"2014-12-05T07:57:08+00:00\",\"dateModified\":\"2015-04-21T11:27:29+00:00\",\"mainEntityOfPage\":{\"@id\":\"https:\\\/\\\/www.tourismfastforward.com\\\/2015\\\/programm\\\/\"},\"wordCount\":340,\"inLanguage\":\"en-GB\"},{\"@type\":\"WebPage\",\"@id\":\"https:\\\/\\\/www.tourismfastforward.com\\\/2015\\\/programm\\\/\",\"url\":\"https:\\\/\\\/www.tourismfastforward.com\\\/2015\\\/programm\\\/\",\"name\":\"Programm - Tourism Fast Forward - Tourism Fast Forward 2015 | Die Konferenz f\u00fcr innovative Technologien im Tourismus\",\"isPartOf\":{\"@id\":\"https:\\\/\\\/www.tourismfastforward.com\\\/2015\\\/#website\"},\"datePublished\":\"2014-12-05T07:57:08+00:00\",\"dateModified\":\"2015-04-21T11:27:29+00:00\",\"author\":{\"@id\":\"\"},\"breadcrumb\":{\"@id\":\"https:\\\/\\\/www.tourismfastforward.com\\\/2015\\\/programm\\\/#breadcrumb\"},\"inLanguage\":\"en-GB\",\"potentialAction\":[{\"@type\":\"ReadAction\",\"target\":[\"https:\\\/\\\/www.tourismfastforward.com\\\/2015\\\/programm\\\/\"]}]},{\"@type\":\"BreadcrumbList\",\"@id\":\"https:\\\/\\\/www.tourismfastforward.com\\\/2015\\\/programm\\\/#breadcrumb\",\"itemListElement\":[{\"@type\":\"ListItem\",\"position\":1,\"name\":\"Home\",\"item\":\"https:\\\/\\\/www.tourismfastforward.com\\\/2015\\\/\"},{\"@type\":\"ListItem\",\"position\":2,\"name\":\"Programm &#8211; Tourism Fast Forward\"}]},{\"@type\":\"WebSite\",\"@id\":\"https:\\\/\\\/www.tourismfastforward.com\\\/2015\\\/#website\",\"url\":\"https:\\\/\\\/www.tourismfastforward.com\\\/2015\\\/\",\"name\":\"Tourism Fast Forward 2015 | Die Konferenz f\u00fcr innovative Technologien im Tourismus\",\"description\":\"Tourism Fast Forward 2015\",\"potentialAction\":[{\"@type\":\"SearchAction\",\"target\":{\"@type\":\"EntryPoint\",\"urlTemplate\":\"https:\\\/\\\/www.tourismfastforward.com\\\/2015\\\/?s={search_term_string}\"},\"query-input\":{\"@type\":\"PropertyValueSpecification\",\"valueRequired\":true,\"valueName\":\"search_term_string\"}}],\"inLanguage\":\"en-GB\"},{\"@type\":\"Person\",\"@id\":\"\",\"url\":\"https:\\\/\\\/www.tourismfastforward.com\\\/2015\\\/author\\\/\"}]}<\/script>\n<!-- \/ Yoast SEO plugin. -->","yoast_head_json":{"title":"Programm - Tourism Fast Forward - Tourism Fast Forward 2015 | Die Konferenz f\u00fcr innovative Technologien im Tourismus","robots":{"index":"index","follow":"follow","max-snippet":"max-snippet:-1","max-image-preview":"max-image-preview:large","max-video-preview":"max-video-preview:-1"},"canonical":"https:\/\/www.tourismfastforward.com\/2015\/programm\/","og_locale":"en_GB","og_type":"article","og_title":"Programm - Tourism Fast Forward - Tourism Fast Forward 2015 | Die Konferenz f\u00fcr innovative Technologien im Tourismus","og_description":"TAG 1: 10:00 &#8211; 10:15 Begr\u00fc\u00dfung, Zielsetzung und Struktur des Symposiums Dieter Fensel, STI Innsbruck Andreas Lackner, Tourismusverband Mayrhofen-Hippach 10:15 &#8211; 11:45 Themenblock 1: BUCHUNGSPORTALE Moderator: Eckard Speckbacher Gila Gfader, Booking.com, \u201eBooking.com &#8211; Die Reise beginnt im Netz\u201c Markus Schmid, Booking Valais, \u201eBooking Valais &#8211; eine Erfolgsgeschichte aus dem Wallis\u201c 11:45 &#8211; 12:00 PAUSE 12:00Read More","og_url":"https:\/\/www.tourismfastforward.com\/2015\/programm\/","og_site_name":"Tourism Fast Forward 2015 | Die Konferenz f\u00fcr innovative Technologien im Tourismus","article_published_time":"2014-12-05T07:57:08+00:00","article_modified_time":"2015-04-21T11:27:29+00:00","twitter_misc":{"Written by":"","Estimated reading time":"2 minutes"},"schema":{"@context":"https:\/\/schema.org","@graph":[{"@type":"Article","@id":"https:\/\/www.tourismfastforward.com\/2015\/programm\/#article","isPartOf":{"@id":"https:\/\/www.tourismfastforward.com\/2015\/programm\/"},"author":{"name":"","@id":""},"headline":"Programm &#8211; Tourism Fast Forward","datePublished":"2014-12-05T07:57:08+00:00","dateModified":"2015-04-21T11:27:29+00:00","mainEntityOfPage":{"@id":"https:\/\/www.tourismfastforward.com\/2015\/programm\/"},"wordCount":340,"inLanguage":"en-GB"},{"@type":"WebPage","@id":"https:\/\/www.tourismfastforward.com\/2015\/programm\/","url":"https:\/\/www.tourismfastforward.com\/2015\/programm\/","name":"Programm - Tourism Fast Forward - Tourism Fast Forward 2015 | Die Konferenz f\u00fcr innovative Technologien im Tourismus","isPartOf":{"@id":"https:\/\/www.tourismfastforward.com\/2015\/#website"},"datePublished":"2014-12-05T07:57:08+00:00","dateModified":"2015-04-21T11:27:29+00:00","author":{"@id":""},"breadcrumb":{"@id":"https:\/\/www.tourismfastforward.com\/2015\/programm\/#breadcrumb"},"inLanguage":"en-GB","potentialAction":[{"@type":"ReadAction","target":["https:\/\/www.tourismfastforward.com\/2015\/programm\/"]}]},{"@type":"BreadcrumbList","@id":"https:\/\/www.tourismfastforward.com\/2015\/programm\/#breadcrumb","itemListElement":[{"@type":"ListItem","position":1,"name":"Home","item":"https:\/\/www.tourismfastforward.com\/2015\/"},{"@type":"ListItem","position":2,"name":"Programm &#8211; Tourism Fast Forward"}]},{"@type":"WebSite","@id":"https:\/\/www.tourismfastforward.com\/2015\/#website","url":"https:\/\/www.tourismfastforward.com\/2015\/","name":"Tourism Fast Forward 2015 | Die Konferenz f\u00fcr innovative Technologien im Tourismus","description":"Tourism Fast Forward 2015","potentialAction":[{"@type":"SearchAction","target":{"@type":"EntryPoint","urlTemplate":"https:\/\/www.tourismfastforward.com\/2015\/?s={search_term_string}"},"query-input":{"@type":"PropertyValueSpecification","valueRequired":true,"valueName":"search_term_string"}}],"inLanguage":"en-GB"},{"@type":"Person","@id":"","url":"https:\/\/www.tourismfastforward.com\/2015\/author\/"}]}},"_links":{"self":[{"href":"https:\/\/www.tourismfastforward.com\/2015\/wp-json\/wp\/v2\/posts\/229","targetHints":{"allow":["GET"]}}],"collection":[{"href":"https:\/\/www.tourismfastforward.com\/2015\/wp-json\/wp\/v2\/posts"}],"about":[{"href":"https:\/\/www.tourismfastforward.com\/2015\/wp-json\/wp\/v2\/types\/post"}],"author":[{"embeddable":true,"href":"https:\/\/www.tourismfastforward.com\/2015\/wp-json\/wp\/v2\/users\/1"}],"replies":[{"embeddable":true,"href":"https:\/\/www.tourismfastforward.com\/2015\/wp-json\/wp\/v2\/comments?post=229"}],"version-history":[{"count":70,"href":"https:\/\/www.tourismfastforward.com\/2015\/wp-json\/wp\/v2\/posts\/229\/revisions"}],"predecessor-version":[{"id":2311,"href":"https:\/\/www.tourismfastforward.com\/2015\/wp-json\/wp\/v2\/posts\/229\/revisions\/2311"}],"wp:attachment":[{"href":"https:\/\/www.tourismfastforward.com\/2015\/wp-json\/wp\/v2\/media?parent=229"}],"wp:term":[{"taxonomy":"category","embeddable":true,"href":"https:\/\/www.tourismfastforward.com\/2015\/wp-json\/wp\/v2\/categories?post=229"},{"taxonomy":"post_tag","embeddable":true,"href":"https:\/\/www.tourismfastforward.com\/2015\/wp-json\/wp\/v2\/tags?post=229"}],"curies":[{"name":"wp","href":"https:\/\/api.w.org\/{rel}","templated":true}]}}