{"id":1222,"date":"2015-02-09T10:00:13","date_gmt":"2015-02-09T09:00:13","guid":{"rendered":"http:\/\/www.tourismfastforward.com\/?p=1222"},"modified":"2015-04-21T13:16:45","modified_gmt":"2015-04-21T11:16:45","slug":"vermieterakademie-tirol","status":"publish","type":"post","link":"https:\/\/www.tourismfastforward.com\/2015\/vermieterakademie-tirol\/","title":{"rendered":"Vermieterakademie Tirol"},"content":{"rendered":"<p><span style=\"font-family: arial black,avant garde; font-size: 24pt; color: #999999;\"><strong>VERMIETERAKADEMIE TIROL<\/strong><\/span><br \/>\n<a href=\"http:\/\/www.tourismfastforward.com\/2015\/wp-content\/uploads\/2014\/12\/csm_Logo_Priv_692c91f7811.png\"><img loading=\"lazy\" decoding=\"async\" class=\"alignnone size-full wp-image-1178\" src=\"http:\/\/www.tourismfastforward.com\/2015\/wp-content\/uploads\/2014\/12\/csm_Logo_Priv_692c91f7811.png\" alt=\"csm_Logo_Priv_692c91f781\" width=\"142\" height=\"35\" \/><\/a><\/p>\n<p><span style=\"font-size: 12pt; font-family: arial,helvetica,sans-serif;\"><b>Vollprofi mit vier Betten?<\/b><\/span><\/p>\n<p><span style=\"font-size: 12pt; font-family: arial,helvetica,sans-serif;\"><i>Die Vermieterakademie Tirol hebt kleine Beherberger und Hotels auf die Ebene der gro\u00dfen Gewinner.<\/i><\/span><\/p>\n<p><span style=\"font-size: 12pt; font-family: arial,helvetica,sans-serif;\">Der Markt unterscheidet nicht, ob hinter einem Pulverschnee-Angebot ein Gro\u00dfkonzern mit 400 Betten steckt, oder ein Ferienwohnungsbesitzer. F\u00fcr beide gelten die gleichen, harten Kriterien: was sehe ich, was bekomme ich, stimmt der Preis? Genau darin liegt die Chance f\u00fcr jene, die Unterkunft in Privatpensionen, Appartements, Bauernh\u00f6fen und famili\u00e4r gef\u00fchrten Hotels \u2013 derzeit 40 % der Tiroler N\u00e4chtigungen &#8211; anbieten.<\/span><\/p>\n<p><span style=\"font-size: 12pt; font-family: arial,helvetica,sans-serif;\"><b>Die Vermieterakademie Tirol liefert das n\u00f6tige Handwerkszeug. <\/b>In Seminaren zeigen Experten das 1&#215;1 des modernen Online-Marketings und das Wesen zeitgem\u00e4\u00dfer Vermietung. Die Seminare organisieren Tourismusverb\u00e4nde fast fl\u00e4chendeckend in Tirol, Top-Themen: Cleveres Marketing trotz kleinem Budget, E-Mail als Schl\u00fcssel zum Gast oder Preis f\u00fcr Profis. Die Touristiker st\u00fcrmen sie! Die 4000e Kursurkunde wurde im November \u00fcberreicht, von 2012 bis 2014 fanden mehr als 300 Veranstaltungen statt.<\/span><\/p>\n<p><span style=\"font-size: 12pt; font-family: arial,helvetica,sans-serif;\"><b>Info:<\/b><\/span><\/p>\n<ul>\n<li><span style=\"font-size: 12pt; font-family: arial,helvetica,sans-serif;\">Teilnahme: alle Tiroler Touristiker<\/span><\/li>\n<li><span style=\"font-size: 12pt; font-family: arial,helvetica,sans-serif;\">Anmeldung im \u00f6rtlichen Tourismusb\u00fcro<\/span><\/li>\n<li><span style=\"font-size: 12pt; font-family: arial,helvetica,sans-serif;\">Kosten von 0,- bis 70,- Euro pro Tag<\/span><\/li>\n<li><span style=\"font-size: 12pt; font-family: arial,helvetica,sans-serif;\">mehr als 100 Seminare 2015 geplant<\/span><\/li>\n<li><span style=\"font-size: 12pt; font-family: arial,helvetica,sans-serif;\">aktuelle Termine: <a href=\"http:\/\/www.tirol.gv.at\/vermieterakademie\">www.tirol.gv.at\/vermieterakademie<\/a><\/span><\/li>\n<li><span style=\"font-size: 12pt; font-family: arial,helvetica,sans-serif;\">ein Projekt des Landes Tirol, Abteilung Tourismus<\/span><\/li>\n<\/ul>\n","protected":false},"excerpt":{"rendered":"<p><a href=\"vermieterakademie-tirol\"><img loading=\"lazy\" decoding=\"async\" class=\"alignnone size-full wp-image-1239\" src=\"http:\/\/www.tourismfastforward.com\/2015\/wp-content\/uploads\/2015\/02\/privatvermieter_verband_tirol1.jpg\" alt=\"privatvermieter_verband_tirol\" width=\"225\" height=\"119\" \/><\/a><\/p>\n<div style=\"text-align: left;\"><span style=\"font-family: 'arial black', 'avant garde';\"><strong><span style=\"font-size: 18pt;\">VERMIETER<wbr \/>VERBAND TIROL<\/span><\/strong><\/span><\/div>\n<div style=\"text-align: left;\"><span style=\"font-family: arial,helvetica,sans-serif; font-size: 12pt;\">Vollprofi mit vier Betten? Die Vermieterakademie Tirol hebt kleine Beherberger und Hotels auf die Ebene der gro\u00dfen Gewinner.<a href=\"vermieterakademie-tirol\">. <img loading=\"lazy\" decoding=\"async\" class=\"alignnone size-full wp-image-217\" src=\"http:\/\/www.tourismfastforward.com\/2015\/wp-content\/uploads\/2014\/12\/ff-arrow.png\" alt=\"ff-arrow\" width=\"26\" height=\"15\" \/> <\/a><\/span><\/div>\n","protected":false},"author":1,"featured_media":0,"comment_status":"closed","ping_status":"closed","sticky":false,"template":"","format":"standard","meta":{"ngg_post_thumbnail":0,"footnotes":""},"categories":[1],"tags":[],"class_list":["post-1222","post","type-post","status-publish","format-standard","hentry","category-uncategorised"],"yoast_head":"<!-- This site is optimized with the Yoast SEO plugin v27.5 - https:\/\/yoast.com\/product\/yoast-seo-wordpress\/ -->\n<title>Vermieterakademie Tirol - Tourism Fast Forward 2015 | Die Konferenz f\u00fcr innovative Technologien im Tourismus<\/title>\n<meta name=\"robots\" content=\"index, follow, max-snippet:-1, max-image-preview:large, max-video-preview:-1\" \/>\n<link rel=\"canonical\" href=\"https:\/\/www.tourismfastforward.com\/2015\/vermieterakademie-tirol\/\" \/>\n<meta property=\"og:locale\" content=\"en_GB\" \/>\n<meta property=\"og:type\" content=\"article\" \/>\n<meta property=\"og:title\" content=\"Vermieterakademie Tirol - Tourism Fast Forward 2015 | Die Konferenz f\u00fcr innovative Technologien im Tourismus\" \/>\n<meta property=\"og:description\" content=\"VERMIETERVERBAND TIROL Vollprofi mit vier Betten? Die Vermieterakademie Tirol hebt kleine Beherberger und Hotels auf die Ebene der gro\u00dfen Gewinner..\" \/>\n<meta property=\"og:url\" content=\"https:\/\/www.tourismfastforward.com\/2015\/vermieterakademie-tirol\/\" \/>\n<meta property=\"og:site_name\" content=\"Tourism Fast Forward 2015 | Die Konferenz f\u00fcr innovative Technologien im Tourismus\" \/>\n<meta property=\"article:published_time\" content=\"2015-02-09T09:00:13+00:00\" \/>\n<meta property=\"article:modified_time\" content=\"2015-04-21T11:16:45+00:00\" \/>\n<meta property=\"og:image\" content=\"http:\/\/www.tourismfastforward.com\/2015\/wp-content\/uploads\/2014\/12\/csm_Logo_Priv_692c91f7811.png\" \/>\n<meta name=\"twitter:label1\" content=\"Written by\" \/>\n\t<meta name=\"twitter:data1\" content=\"\" \/>\n\t<meta name=\"twitter:label2\" content=\"Estimated reading time\" \/>\n\t<meta name=\"twitter:data2\" content=\"1 minute\" \/>\n<script type=\"application\/ld+json\" class=\"yoast-schema-graph\">{\"@context\":\"https:\\\/\\\/schema.org\",\"@graph\":[{\"@type\":\"Article\",\"@id\":\"https:\\\/\\\/www.tourismfastforward.com\\\/2015\\\/vermieterakademie-tirol\\\/#article\",\"isPartOf\":{\"@id\":\"https:\\\/\\\/www.tourismfastforward.com\\\/2015\\\/vermieterakademie-tirol\\\/\"},\"author\":{\"name\":\"\",\"@id\":\"\"},\"headline\":\"Vermieterakademie Tirol\",\"datePublished\":\"2015-02-09T09:00:13+00:00\",\"dateModified\":\"2015-04-21T11:16:45+00:00\",\"mainEntityOfPage\":{\"@id\":\"https:\\\/\\\/www.tourismfastforward.com\\\/2015\\\/vermieterakademie-tirol\\\/\"},\"wordCount\":190,\"image\":{\"@id\":\"https:\\\/\\\/www.tourismfastforward.com\\\/2015\\\/vermieterakademie-tirol\\\/#primaryimage\"},\"thumbnailUrl\":\"http:\\\/\\\/www.tourismfastforward.com\\\/2015\\\/wp-content\\\/uploads\\\/2014\\\/12\\\/csm_Logo_Priv_692c91f7811.png\",\"inLanguage\":\"en-GB\"},{\"@type\":\"WebPage\",\"@id\":\"https:\\\/\\\/www.tourismfastforward.com\\\/2015\\\/vermieterakademie-tirol\\\/\",\"url\":\"https:\\\/\\\/www.tourismfastforward.com\\\/2015\\\/vermieterakademie-tirol\\\/\",\"name\":\"Vermieterakademie Tirol - Tourism Fast Forward 2015 | Die Konferenz f\u00fcr innovative Technologien im Tourismus\",\"isPartOf\":{\"@id\":\"https:\\\/\\\/www.tourismfastforward.com\\\/2015\\\/#website\"},\"primaryImageOfPage\":{\"@id\":\"https:\\\/\\\/www.tourismfastforward.com\\\/2015\\\/vermieterakademie-tirol\\\/#primaryimage\"},\"image\":{\"@id\":\"https:\\\/\\\/www.tourismfastforward.com\\\/2015\\\/vermieterakademie-tirol\\\/#primaryimage\"},\"thumbnailUrl\":\"http:\\\/\\\/www.tourismfastforward.com\\\/2015\\\/wp-content\\\/uploads\\\/2014\\\/12\\\/csm_Logo_Priv_692c91f7811.png\",\"datePublished\":\"2015-02-09T09:00:13+00:00\",\"dateModified\":\"2015-04-21T11:16:45+00:00\",\"author\":{\"@id\":\"\"},\"breadcrumb\":{\"@id\":\"https:\\\/\\\/www.tourismfastforward.com\\\/2015\\\/vermieterakademie-tirol\\\/#breadcrumb\"},\"inLanguage\":\"en-GB\",\"potentialAction\":[{\"@type\":\"ReadAction\",\"target\":[\"https:\\\/\\\/www.tourismfastforward.com\\\/2015\\\/vermieterakademie-tirol\\\/\"]}]},{\"@type\":\"ImageObject\",\"inLanguage\":\"en-GB\",\"@id\":\"https:\\\/\\\/www.tourismfastforward.com\\\/2015\\\/vermieterakademie-tirol\\\/#primaryimage\",\"url\":\"http:\\\/\\\/www.tourismfastforward.com\\\/2015\\\/wp-content\\\/uploads\\\/2014\\\/12\\\/csm_Logo_Priv_692c91f7811.png\",\"contentUrl\":\"http:\\\/\\\/www.tourismfastforward.com\\\/2015\\\/wp-content\\\/uploads\\\/2014\\\/12\\\/csm_Logo_Priv_692c91f7811.png\"},{\"@type\":\"BreadcrumbList\",\"@id\":\"https:\\\/\\\/www.tourismfastforward.com\\\/2015\\\/vermieterakademie-tirol\\\/#breadcrumb\",\"itemListElement\":[{\"@type\":\"ListItem\",\"position\":1,\"name\":\"Home\",\"item\":\"https:\\\/\\\/www.tourismfastforward.com\\\/2015\\\/\"},{\"@type\":\"ListItem\",\"position\":2,\"name\":\"Vermieterakademie Tirol\"}]},{\"@type\":\"WebSite\",\"@id\":\"https:\\\/\\\/www.tourismfastforward.com\\\/2015\\\/#website\",\"url\":\"https:\\\/\\\/www.tourismfastforward.com\\\/2015\\\/\",\"name\":\"Tourism Fast Forward 2015 | Die Konferenz f\u00fcr innovative Technologien im Tourismus\",\"description\":\"Tourism Fast Forward 2015\",\"potentialAction\":[{\"@type\":\"SearchAction\",\"target\":{\"@type\":\"EntryPoint\",\"urlTemplate\":\"https:\\\/\\\/www.tourismfastforward.com\\\/2015\\\/?s={search_term_string}\"},\"query-input\":{\"@type\":\"PropertyValueSpecification\",\"valueRequired\":true,\"valueName\":\"search_term_string\"}}],\"inLanguage\":\"en-GB\"},{\"@type\":\"Person\",\"@id\":\"\",\"url\":\"https:\\\/\\\/www.tourismfastforward.com\\\/2015\\\/author\\\/\"}]}<\/script>\n<!-- \/ Yoast SEO plugin. -->","yoast_head_json":{"title":"Vermieterakademie Tirol - Tourism Fast Forward 2015 | Die Konferenz f\u00fcr innovative Technologien im Tourismus","robots":{"index":"index","follow":"follow","max-snippet":"max-snippet:-1","max-image-preview":"max-image-preview:large","max-video-preview":"max-video-preview:-1"},"canonical":"https:\/\/www.tourismfastforward.com\/2015\/vermieterakademie-tirol\/","og_locale":"en_GB","og_type":"article","og_title":"Vermieterakademie Tirol - Tourism Fast Forward 2015 | Die Konferenz f\u00fcr innovative Technologien im Tourismus","og_description":"VERMIETERVERBAND TIROL Vollprofi mit vier Betten? Die Vermieterakademie Tirol hebt kleine Beherberger und Hotels auf die Ebene der gro\u00dfen Gewinner..","og_url":"https:\/\/www.tourismfastforward.com\/2015\/vermieterakademie-tirol\/","og_site_name":"Tourism Fast Forward 2015 | Die Konferenz f\u00fcr innovative Technologien im Tourismus","article_published_time":"2015-02-09T09:00:13+00:00","article_modified_time":"2015-04-21T11:16:45+00:00","og_image":[{"url":"http:\/\/www.tourismfastforward.com\/2015\/wp-content\/uploads\/2014\/12\/csm_Logo_Priv_692c91f7811.png","type":"","width":"","height":""}],"twitter_misc":{"Written by":"","Estimated reading time":"1 minute"},"schema":{"@context":"https:\/\/schema.org","@graph":[{"@type":"Article","@id":"https:\/\/www.tourismfastforward.com\/2015\/vermieterakademie-tirol\/#article","isPartOf":{"@id":"https:\/\/www.tourismfastforward.com\/2015\/vermieterakademie-tirol\/"},"author":{"name":"","@id":""},"headline":"Vermieterakademie Tirol","datePublished":"2015-02-09T09:00:13+00:00","dateModified":"2015-04-21T11:16:45+00:00","mainEntityOfPage":{"@id":"https:\/\/www.tourismfastforward.com\/2015\/vermieterakademie-tirol\/"},"wordCount":190,"image":{"@id":"https:\/\/www.tourismfastforward.com\/2015\/vermieterakademie-tirol\/#primaryimage"},"thumbnailUrl":"http:\/\/www.tourismfastforward.com\/2015\/wp-content\/uploads\/2014\/12\/csm_Logo_Priv_692c91f7811.png","inLanguage":"en-GB"},{"@type":"WebPage","@id":"https:\/\/www.tourismfastforward.com\/2015\/vermieterakademie-tirol\/","url":"https:\/\/www.tourismfastforward.com\/2015\/vermieterakademie-tirol\/","name":"Vermieterakademie Tirol - Tourism Fast Forward 2015 | Die Konferenz f\u00fcr innovative Technologien im Tourismus","isPartOf":{"@id":"https:\/\/www.tourismfastforward.com\/2015\/#website"},"primaryImageOfPage":{"@id":"https:\/\/www.tourismfastforward.com\/2015\/vermieterakademie-tirol\/#primaryimage"},"image":{"@id":"https:\/\/www.tourismfastforward.com\/2015\/vermieterakademie-tirol\/#primaryimage"},"thumbnailUrl":"http:\/\/www.tourismfastforward.com\/2015\/wp-content\/uploads\/2014\/12\/csm_Logo_Priv_692c91f7811.png","datePublished":"2015-02-09T09:00:13+00:00","dateModified":"2015-04-21T11:16:45+00:00","author":{"@id":""},"breadcrumb":{"@id":"https:\/\/www.tourismfastforward.com\/2015\/vermieterakademie-tirol\/#breadcrumb"},"inLanguage":"en-GB","potentialAction":[{"@type":"ReadAction","target":["https:\/\/www.tourismfastforward.com\/2015\/vermieterakademie-tirol\/"]}]},{"@type":"ImageObject","inLanguage":"en-GB","@id":"https:\/\/www.tourismfastforward.com\/2015\/vermieterakademie-tirol\/#primaryimage","url":"http:\/\/www.tourismfastforward.com\/2015\/wp-content\/uploads\/2014\/12\/csm_Logo_Priv_692c91f7811.png","contentUrl":"http:\/\/www.tourismfastforward.com\/2015\/wp-content\/uploads\/2014\/12\/csm_Logo_Priv_692c91f7811.png"},{"@type":"BreadcrumbList","@id":"https:\/\/www.tourismfastforward.com\/2015\/vermieterakademie-tirol\/#breadcrumb","itemListElement":[{"@type":"ListItem","position":1,"name":"Home","item":"https:\/\/www.tourismfastforward.com\/2015\/"},{"@type":"ListItem","position":2,"name":"Vermieterakademie Tirol"}]},{"@type":"WebSite","@id":"https:\/\/www.tourismfastforward.com\/2015\/#website","url":"https:\/\/www.tourismfastforward.com\/2015\/","name":"Tourism Fast Forward 2015 | Die Konferenz f\u00fcr innovative Technologien im Tourismus","description":"Tourism Fast Forward 2015","potentialAction":[{"@type":"SearchAction","target":{"@type":"EntryPoint","urlTemplate":"https:\/\/www.tourismfastforward.com\/2015\/?s={search_term_string}"},"query-input":{"@type":"PropertyValueSpecification","valueRequired":true,"valueName":"search_term_string"}}],"inLanguage":"en-GB"},{"@type":"Person","@id":"","url":"https:\/\/www.tourismfastforward.com\/2015\/author\/"}]}},"_links":{"self":[{"href":"https:\/\/www.tourismfastforward.com\/2015\/wp-json\/wp\/v2\/posts\/1222","targetHints":{"allow":["GET"]}}],"collection":[{"href":"https:\/\/www.tourismfastforward.com\/2015\/wp-json\/wp\/v2\/posts"}],"about":[{"href":"https:\/\/www.tourismfastforward.com\/2015\/wp-json\/wp\/v2\/types\/post"}],"author":[{"embeddable":true,"href":"https:\/\/www.tourismfastforward.com\/2015\/wp-json\/wp\/v2\/users\/1"}],"replies":[{"embeddable":true,"href":"https:\/\/www.tourismfastforward.com\/2015\/wp-json\/wp\/v2\/comments?post=1222"}],"version-history":[{"count":7,"href":"https:\/\/www.tourismfastforward.com\/2015\/wp-json\/wp\/v2\/posts\/1222\/revisions"}],"predecessor-version":[{"id":2301,"href":"https:\/\/www.tourismfastforward.com\/2015\/wp-json\/wp\/v2\/posts\/1222\/revisions\/2301"}],"wp:attachment":[{"href":"https:\/\/www.tourismfastforward.com\/2015\/wp-json\/wp\/v2\/media?parent=1222"}],"wp:term":[{"taxonomy":"category","embeddable":true,"href":"https:\/\/www.tourismfastforward.com\/2015\/wp-json\/wp\/v2\/categories?post=1222"},{"taxonomy":"post_tag","embeddable":true,"href":"https:\/\/www.tourismfastforward.com\/2015\/wp-json\/wp\/v2\/tags?post=1222"}],"curies":[{"name":"wp","href":"https:\/\/api.w.org\/{rel}","templated":true}]}}