{"id":1183,"date":"2015-02-09T08:55:30","date_gmt":"2015-02-09T07:55:30","guid":{"rendered":"http:\/\/www.tourismfastforward.com\/?p=1183"},"modified":"2015-04-21T13:17:59","modified_gmt":"2015-04-21T11:17:59","slug":"bildung-freude-inklusive","status":"publish","type":"post","link":"https:\/\/www.tourismfastforward.com\/2015\/bildung-freude-inklusive\/","title":{"rendered":"Bildung. Freude Inklusive"},"content":{"rendered":"<p><span style=\"font-family: arial black,avant garde; font-size: 24pt; color: #999999;\"><strong>BILDUNG. FREUDE INKLUSIVE<\/strong><\/span><br \/>\n<a href=\"http:\/\/www.tourismfastforward.com\/2015\/wp-content\/uploads\/2014\/12\/TFF2015-Partner-BFI-logo.png\"><img loading=\"lazy\" decoding=\"async\" class=\"alignnone size-full wp-image-1175\" src=\"http:\/\/www.tourismfastforward.com\/2015\/wp-content\/uploads\/2014\/12\/TFF2015-Partner-BFI-logo.png\" alt=\"TFF2015 Partner BFI logo\" width=\"190\" height=\"32\" \/><\/a><\/p>\n<ul>\n<li>\n<p lang=\"de-AT\" align=\"justify\"><span lang=\"de-DE\" style=\"font-size: 12pt; font-family: arial,helvetica,sans-serif;\"><b>Diplomierte\/-r Di\u00e4tkoch\/-k\u00f6chin<\/b><\/span><br \/>\n<span class=\"western\" lang=\"de-AT\"><span lang=\"de-DE\" style=\"font-size: 12pt; font-family: arial,helvetica,sans-serif;\">Studieninhalt: 220 UE (davon 36 UE Selbststudium)<\/span><\/span><br \/>\n<span class=\"western\" lang=\"de-AT\"><span lang=\"de-DE\" style=\"font-size: 12pt; font-family: arial,helvetica,sans-serif;\">Studiengeb\u00fchr: EUR 1830,-<\/span><\/span><br \/>\n<span class=\"western\" lang=\"de-AT\"><span lang=\"de-DE\" style=\"font-size: 12pt; font-family: arial,helvetica,sans-serif;\">Diplom: Kommissionelle Abschlusspr\u00fcfung mit BFI Tirol Zertifikat<\/span><\/span><\/p>\n<\/li>\n<li>\n<p lang=\"de-AT\" align=\"justify\"><span lang=\"de-DE\" style=\"font-size: 12pt; font-family: arial,helvetica,sans-serif;\"><b>Rezeption f\u00fcr Einsteiger Kompakt<\/b><\/span><br \/>\n<span class=\"western\" lang=\"de-AT\"><span lang=\"de-DE\" style=\"font-size: 12pt; font-family: arial,helvetica,sans-serif;\">Studieninhalt: 24 UE &#8211; 8 Termine<\/span><\/span><br \/>\n<span class=\"western\" lang=\"de-AT\"><span lang=\"de-DE\" style=\"font-size: 12pt; font-family: arial,helvetica,sans-serif;\">Studiengeb\u00fchr: EUR 425,-<\/span><\/span><br \/>\n<span class=\"western\" lang=\"de-AT\"><span lang=\"de-DE\" style=\"font-size: 12pt; font-family: arial,helvetica,sans-serif;\">BFI Tirol Zertifikat <\/span><\/span><\/p>\n<\/li>\n<li>\n<p lang=\"de-AT\" align=\"justify\"><span lang=\"de-DE\" style=\"font-size: 12pt; font-family: arial,helvetica,sans-serif;\"><b>Professionelles Arbeiten an der Hotelrezeption &#8211; Das 1&#215;1 der Hotelfachkraft<\/b><\/span><br \/>\n<span class=\"western\" lang=\"de-AT\"><span lang=\"de-DE\" style=\"font-size: 12pt; font-family: arial,helvetica,sans-serif;\">Studieninhalt: 48 UE &#8211; 8 Termine<\/span><\/span><br \/>\n<span class=\"western\" lang=\"de-AT\"><span lang=\"de-DE\" style=\"font-size: 12pt; font-family: arial,helvetica,sans-serif;\">Studiengeb\u00fchr: EUR 625,-<\/span><\/span><br \/>\n<span class=\"western\" lang=\"de-AT\"><span lang=\"de-DE\" style=\"font-size: 12pt; font-family: arial,helvetica,sans-serif;\">BFI Tirol Zertifikat <\/span><\/span><\/p>\n<\/li>\n<li>\n<p lang=\"de-AT\" align=\"justify\"><span lang=\"de-DE\" style=\"font-size: 12pt; font-family: arial,helvetica,sans-serif;\"><b>F\u00fchrungstraining f\u00fcr Tourismus und Gastronomie<\/b><\/span><br \/>\n<span class=\"western\" lang=\"de-AT\"><span lang=\"de-DE\" style=\"font-size: 12pt; font-family: arial,helvetica,sans-serif;\">Studieninhalt: 16 UE &#8211; 2 Termine<\/span><\/span><br \/>\n<span class=\"western\" lang=\"de-AT\"><span lang=\"de-DE\" style=\"font-size: 12pt; font-family: arial,helvetica,sans-serif;\">Studiengeb\u00fchr: EUR 350,-<\/span><\/span><br \/>\n<span class=\"western\" lang=\"de-AT\"><span lang=\"de-DE\" style=\"font-size: 12pt; font-family: arial,helvetica,sans-serif;\">BFI Tirol Zertifikat<\/span><\/span><\/p>\n<p><span class=\"western\" lang=\"de-AT\"><span lang=\"de-DE\" style=\"font-size: 12pt; font-family: arial,helvetica,sans-serif;\"><span style=\"text-decoration: underline;\"><b>Fachlehrgang Grafik und Mediengestaltung (Zertifikat DTP-Fachkraft nach ISO 17024)<\/b><\/span><\/span><\/span><br \/>\n<span class=\"western\" lang=\"de-AT\"><span lang=\"de-DE\" style=\"font-size: 12pt; font-family: arial,helvetica,sans-serif;\">Die flexible und schnelle Erstellung und Gestaltung von Druckerzeugnissen wie Informations- und Werbematerialien vor Ort gewinnt heute immer mehr an Bedeutung. Diese Produkte k\u00f6nnen von der Planung bis zur Druckvorstufe direkt im eigenen Unternehmen erstellt und gestaltet werden. Voraussetzung daf\u00fcr sind Mitarbeiter, die nicht nur im Umgang mit den Programmen sondern auch in den effizienten Arbeitsabl\u00e4ufen und der selbstst\u00e4ndigen Planung und Umsetzung geschult sind. <\/span><\/span><\/li>\n<li>\n<p lang=\"de-AT\" align=\"justify\"><span lang=\"de-DE\" style=\"font-size: 12pt; font-family: arial,helvetica,sans-serif;\"><b>Fachlehrgang Grafik und Mediengestaltung B1 \u2013 Basis 1<\/b><\/span><br \/>\n<span class=\"western\" lang=\"de-AT\"><span lang=\"de-DE\" style=\"font-size: 12pt; font-family: arial,helvetica,sans-serif;\">Studieninhalt: 48 UE &#8211; 12 Termine (optional mit Projektarbeit und Zertifikatspr\u00fcfung nach allen 4 Teilen)<\/span><\/span><br \/>\n<span class=\"western\" lang=\"de-AT\"><span lang=\"de-DE\" style=\"font-size: 12pt; font-family: arial,helvetica,sans-serif;\">Studiengeb\u00fchr: EUR 990,-<\/span><\/span><\/p>\n<\/li>\n<li>\n<p lang=\"de-AT\" align=\"justify\"><span lang=\"de-DE\" style=\"font-size: 12pt; font-family: arial,helvetica,sans-serif;\"><b>Fachlehrgang Grafik und Mediengestaltung B2 \u2013 Basis 2<\/b><\/span><br \/>\n<span class=\"western\" lang=\"de-AT\"><span lang=\"de-DE\" style=\"font-size: 12pt; font-family: arial,helvetica,sans-serif;\">Studieninhalt: 48 UE &#8211; 12 Termine (optional mit Projektarbeit und Zertifikatspr\u00fcfung nach allen 4 Teilen)<\/span><\/span><br \/>\n<span class=\"western\" lang=\"de-AT\"><span lang=\"de-DE\" style=\"font-size: 12pt; font-family: arial,helvetica,sans-serif;\">Studiengeb\u00fchr:EUR 990,-<\/span><\/span><\/p>\n<\/li>\n<li>\n<p lang=\"de-AT\" align=\"justify\"><span style=\"font-family: arial,helvetica,sans-serif; font-size: 12pt;\"><span lang=\"de-DE\"><b>Fachlehrgang Grafik und Mediengestaltung V1 \u2013 Vertiefung 1<\/b><\/span><\/span><br \/>\n<span class=\"western\" lang=\"de-AT\"><span style=\"font-family: arial,helvetica,sans-serif; font-size: 12pt;\"><span lang=\"de-DE\">Studieninhalt: 72 UE &#8211; 18 Termine (optional mit Projektarbeit und Zertifikatspr\u00fcfung nach allen 4 Teilen)<\/span><\/span><\/span><br \/>\n<span class=\"western\" lang=\"de-AT\"><span style=\"font-family: arial,helvetica,sans-serif; font-size: 12pt;\"><span lang=\"de-DE\">Studiengeb\u00fchr: EUR 1.485,-<\/span><\/span><\/span><\/p>\n<\/li>\n<li>\n<p lang=\"de-AT\" align=\"justify\"><span style=\"font-family: arial,helvetica,sans-serif; font-size: 12pt;\"><span lang=\"de-DE\"><b>Fachlehrgang Grafik und Mediengestaltung V2 \u2013 Vertiefung 2<\/b><\/span><\/span><br \/>\n<span class=\"western\" lang=\"de-AT\"><span style=\"font-family: arial,helvetica,sans-serif; font-size: 12pt;\"><span lang=\"de-DE\">Studieninhalt: 52 UE &#8211; 13 Termine (optional mit Projektarbeit und Zertifikatspr\u00fcfung nach allen 4 Teilen)<\/span><\/span><\/span><br \/>\n<span class=\"western\" lang=\"de-AT\"><span style=\"font-family: arial,helvetica,sans-serif; font-size: 12pt;\"><span lang=\"de-DE\">Studiengeb\u00fchr: EUR 1.485,- <\/span><\/span><\/span><br \/>\n<a href=\"http:\/\/www.bfi-tirol.at\/kursprogramm\/kurssuche.html?tx_bfitirol_kurse[action]=list&amp;tx_bfitirol_kurse[controller]=Kurse&amp;cHash=286f3d19e316b9a18bc88b1a11e298a5\" target=\"_blank\"><span class=\"western\" lang=\"de-AT\"><span style=\"font-family: arial,helvetica,sans-serif; font-size: 12pt;\"><span lang=\"de-DE\">Mehr \u00fcber den Lehrgang erfahren<\/span><\/span><\/span><\/a><\/p>\n<p><span class=\"western\" lang=\"de-AT\"><span style=\"font-family: arial,helvetica,sans-serif; font-size: 12pt;\"><span lang=\"de-DE\"><span style=\"text-decoration: underline;\"><b>Fachlehrgang Webdesign (Zertifikat Webdesigner nach ISO 17024)<\/b><\/span><\/span><\/span><\/span><br \/>\n<span class=\"western\" lang=\"de-AT\"><span style=\"font-family: arial,helvetica,sans-serif; font-size: 12pt;\"><span lang=\"de-DE\">Um Webseiten professionell zu planen und zu erstellen sind fundierte Kenntnisse und Fertigkeiten n\u00f6tig. Um ganze Websites zu gestalten und zu warten ben\u00f6tigt es dar\u00fcber hinaus vor allem das Wissen \u00fcber die aktuellen Techniken und Trends. Erst so wird eine einfache Webseite zu einem erfolgreichen und professionellem Webauftritt. <\/span><\/span><\/span><\/li>\n<li>\n<p lang=\"de-AT\" align=\"justify\"><span style=\"font-family: arial,helvetica,sans-serif; font-size: 12pt;\"><span lang=\"de-DE\"><b>Fachlehrgang Webdesign I<\/b><\/span><\/span><br \/>\n<span class=\"western\" lang=\"de-AT\"><span style=\"font-family: arial,helvetica,sans-serif; font-size: 12pt;\"><span lang=\"de-DE\">Studieninhalt: 108 UE &#8211; 27 Termine (optional mit Projektarbeit und Zertifikatspr\u00fcfung nach beiden Teilen)<\/span><\/span><\/span><br \/>\n<span class=\"western\" lang=\"de-AT\"><span style=\"font-family: arial,helvetica,sans-serif; font-size: 12pt;\"><span lang=\"de-DE\">Studiengeb\u00fchr: EUR 1.620,-<\/span><\/span><\/span><\/p>\n<\/li>\n<li>\n<p lang=\"de-AT\" align=\"justify\"><span style=\"font-family: arial,helvetica,sans-serif; font-size: 12pt;\"><span lang=\"de-DE\"><b>Fachlehrgang Webdesign II<\/b><\/span><\/span><br \/>\n<span class=\"western\" lang=\"de-AT\"><span style=\"font-family: arial,helvetica,sans-serif; font-size: 12pt;\"><span lang=\"de-DE\">Studieninhalt: 108 UE &#8211; 27 Termine (optional mit Projektarbeit und Zertifikatspr\u00fcfung nach beiden Teilen)<\/span><\/span><\/span><br \/>\n<span class=\"western\" lang=\"de-AT\"><span style=\"font-family: arial,helvetica,sans-serif; font-size: 12pt;\"><span lang=\"de-DE\">Studiengeb\u00fchr: EUR 1.620,-<\/span><\/span><\/span><br \/>\n<a href=\"http:\/\/www.bfi-tirol.at\/kursprogramm\/kurssuche.html?tx_bfitirol_kurse[action]=list&amp;tx_bfitirol_kurse[controller]=Kurse&amp;cHash=286f3d19e316b9a18bc88b1a11e298a5\" target=\"_blank\"><span class=\"western\" lang=\"de-AT\"><span style=\"font-family: arial,helvetica,sans-serif; font-size: 12pt;\"><span lang=\"de-DE\">Mehr \u00fcber den Lehrgang erfahren<\/span><\/span><\/span><\/a><\/p>\n<p><span class=\"western\" lang=\"de-AT\"><span style=\"font-family: arial,helvetica,sans-serif; font-size: 12pt;\"><span lang=\"de-DE\"><span style=\"text-decoration: underline;\"><b>Fachlehrgang Social Media Agent (Zertifikat Social Media Fachkraft nach ISO 17024)<\/b><\/span><\/span><\/span><\/span><br \/>\n<span class=\"western\" lang=\"de-AT\"><span style=\"font-family: arial,helvetica,sans-serif; font-size: 12pt;\"><span lang=\"de-DE\">Im Lehrgang Social Media Agent erhalten Sie einen praktischen Einstieg in das Thema Social Media und einen aktuellen \u00dcberblick \u00fcber die sozialen Netzwerke, Communitys und Online-Tools. Dabei arbeiten wir mit realen Beispielen und Situationen aus der Social Media Praxis und zeigen Ihnen, welche M\u00f6glichkeiten Ihnen Plattformen wie Facebook und Twitter bieten und was dort jeweils zu beachten ist. <\/span><\/span><\/span><\/li>\n<li>\n<p lang=\"de-AT\" align=\"justify\"><span style=\"font-family: arial,helvetica,sans-serif; font-size: 12pt;\"><span lang=\"de-DE\"><b>Fachlehrgang Social Media Agent<\/b><\/span><\/span><br \/>\n<span class=\"western\" lang=\"de-AT\"><span style=\"font-family: arial,helvetica,sans-serif; font-size: 12pt;\"><span lang=\"de-DE\">Studieninhalt: 96 UE &#8211; 24 Termine (optional mit Projektarbeit und Zertifikatspr\u00fcfung)<\/span><\/span><\/span><br \/>\n<span class=\"western\" lang=\"de-AT\"><span style=\"font-family: arial,helvetica,sans-serif; font-size: 12pt;\"><span lang=\"de-DE\">Studiengeb\u00fchr: EUR 2.450,-<\/span><\/span><\/span><br \/>\n<a href=\"http:\/\/www.bfi-tirol.at\/kursprogramm\/kurssuche.html?tx_bfitirol_kurse[action]=list&amp;tx_bfitirol_kurse[controller]=Kurse&amp;cHash=286f3d19e316b9a18bc88b1a11e298a5\" target=\"_blank\"><span class=\"western\" lang=\"de-AT\"><span style=\"font-family: arial,helvetica,sans-serif; font-size: 12pt;\"><span lang=\"de-DE\">Mehr \u00fcber den Lehrgang erfahren<\/span><\/span><\/span><\/a><\/p>\n<p><span class=\"western\" lang=\"de-AT\"><span style=\"font-size: 12pt; font-family: arial,helvetica,sans-serif;\"><a name=\"_GoBack\"><\/a> <span lang=\"de-DE\"><span style=\"text-decoration: underline;\"><b>Facebook Marketing f\u00fcr die Gastronomie<\/b><\/span><\/span><\/span><\/span><br \/>\n<span class=\"western\" lang=\"de-AT\"><span style=\"font-family: arial,helvetica,sans-serif; font-size: 12pt;\"><span lang=\"de-DE\">In der heutigen Zeit ist es wichtig, neue Medien und soziale Netzwerke gezielt f\u00fcr das eigene Unternehmen zu nutzen. Wichtigste Plattform ist dabei in Europa zweifellos Facebook. <\/span><\/span><\/span><\/li>\n<li>\n<p lang=\"de-AT\" align=\"justify\"><span style=\"font-family: arial,helvetica,sans-serif; font-size: 12pt;\"><span lang=\"de-DE\"><b>Facebook Marketing f\u00fcr die Gastronomie<\/b><\/span><\/span><br \/>\n<span class=\"western\" lang=\"de-AT\"><span style=\"font-family: arial,helvetica,sans-serif; font-size: 12pt;\"><span lang=\"de-DE\">Studieninhalt: 12 UE &#8211; 4 Termine<\/span><\/span><\/span><br \/>\n<span class=\"western\" lang=\"de-AT\"><span style=\"font-family: arial,helvetica,sans-serif; font-size: 12pt;\"><span lang=\"de-DE\">Studiengeb\u00fchr: EUR 230,-<\/span><\/span><\/span><br \/>\n<a href=\"http:\/\/www.bfi-tirol.at\/kursprogramm\/kurssuche.html?tx_bfitirol_kurse[action]=list&amp;tx_bfitirol_kurse[controller]=Kurse&amp;cHash=286f3d19e316b9a18bc88b1a11e298a5\"><span class=\"western\" lang=\"de-AT\"><span style=\"font-family: arial,helvetica,sans-serif; font-size: 12pt;\"><span lang=\"de-DE\">Mehr \u00fcber den Kurs erfahren<\/span><\/span><\/span><\/a><br \/>\n<span class=\"western\" lang=\"de-AT\"><span style=\"font-family: arial,helvetica,sans-serif; font-size: 12pt;\"><span lang=\"de-DE\"><span style=\"text-decoration: underline;\"><b>Adobe Photoshop <\/b><\/span><\/span><\/span><\/span><br \/>\n<span class=\"western\" lang=\"de-AT\"><span style=\"font-family: arial,helvetica,sans-serif; font-size: 12pt;\"><span lang=\"de-DE\">Die Vorteile der Digitalen Fotografie liegen vor allem in den umfangreichen M\u00f6glichkeiten zur Nachbearbeitung der Bilder. Au\u00dferdem bilden professionell bearbeitete Bilder heute die Grundlage fast aller Druckerzeugnisse. Trainer mit Berufspraxis garantieren f\u00fcr die Alltagstauglichkeit des Lehrstoffs. <\/span><\/span><\/span><\/p>\n<\/li>\n<li>\n<p lang=\"de-AT\" align=\"justify\"><span style=\"font-family: arial,helvetica,sans-serif; font-size: 12pt;\"><span lang=\"de-DE\"><b>Adobe Photoshop f\u00fcr Einsteiger<\/b><\/span><\/span><br \/>\n<span class=\"western\" lang=\"de-AT\"><span style=\"font-family: arial,helvetica,sans-serif; font-size: 12pt;\"><span lang=\"de-DE\">Studieninhalt: 16 UE &#8211; 4 Termine<\/span><\/span><\/span><br \/>\n<span class=\"western\" lang=\"de-AT\"><span style=\"font-family: arial,helvetica,sans-serif; font-size: 12pt;\"><span lang=\"de-DE\">Studiengeb\u00fchr: EUR 195,-<\/span><\/span><\/span><\/p>\n<\/li>\n<li>\n<p lang=\"de-AT\" align=\"justify\"><span style=\"font-family: arial,helvetica,sans-serif; font-size: 12pt;\"><span lang=\"de-DE\"><b>Adobe Photoshop f\u00fcr Fortgeschrittene<\/b><\/span><\/span><br \/>\n<span class=\"western\" lang=\"de-AT\"><span style=\"font-family: arial,helvetica,sans-serif; font-size: 12pt;\"><span lang=\"de-DE\">Studieninhalt: 16 UE &#8211; 4 Termine<\/span><\/span><\/span><br \/>\n<span class=\"western\" lang=\"de-AT\"><span style=\"font-family: arial,helvetica,sans-serif; font-size: 12pt;\"><span lang=\"de-DE\">Studiengeb\u00fchr: EUR 255,-<\/span><\/span><\/span><br \/>\n<a href=\"http:\/\/www.bfi-tirol.at\/kursprogramm\/kurssuche.html?tx_bfitirol_kurse[action]=list&amp;tx_bfitirol_kurse[controller]=Kurse&amp;cHash=286f3d19e316b9a18bc88b1a11e298a5\" target=\"_blank\"><span class=\"western\" lang=\"de-AT\"><span style=\"font-family: arial,helvetica,sans-serif; font-size: 12pt;\"><span lang=\"de-DE\">Mehr \u00fcber die Kurse erfahren<\/span><\/span><\/span><\/a><\/p>\n<p><span class=\"western\" lang=\"de-AT\"><span style=\"font-family: arial,helvetica,sans-serif; font-size: 12pt;\"><span lang=\"de-DE\"><span style=\"text-decoration: underline;\"><b>Adobe InDesign<\/b><\/span><\/span><\/span><\/span><br \/>\n<span class=\"western\" lang=\"de-AT\"><span style=\"font-family: arial,helvetica,sans-serif; font-size: 12pt;\"><span lang=\"de-DE\">In der heutigen Zeit ist es wichtig, neue Medien und soziale Netzwerke gezielt f\u00fcr das eigene Unternehmen zu nutzen. Wichtigste Plattform ist dabei in Europa zweifellos Facebook. <\/span><\/span><\/span><\/li>\n<li>\n<p lang=\"de-AT\" align=\"justify\"><span style=\"font-family: arial,helvetica,sans-serif; font-size: 12pt;\"><span lang=\"de-DE\"><b>Adobe InDesign<\/b><\/span><\/span><br \/>\n<span class=\"western\" lang=\"de-AT\"><span style=\"font-family: arial,helvetica,sans-serif; font-size: 12pt;\"><span lang=\"de-DE\">Studieninhalt: 24 UE &#8211; 5 Termine<\/span><\/span><\/span><br \/>\n<span class=\"western\" lang=\"de-AT\"><span style=\"font-family: arial,helvetica,sans-serif; font-size: 12pt;\"><span lang=\"de-DE\">Studiengeb\u00fchr: EUR 460,-<\/span><\/span><\/span><br \/>\n<a href=\"http:\/\/www.bfi-tirol.at\/kursprogramm\/kurssuche.html?tx_bfitirol_kurse[action]=list&amp;tx_bfitirol_kurse[controller]=Kurse&amp;cHash=286f3d19e316b9a18bc88b1a11e298a5\" target=\"_blank\"><span class=\"western\" lang=\"de-AT\"><span style=\"font-family: arial,helvetica,sans-serif; font-size: 12pt;\"><span lang=\"de-DE\">Mehr \u00fcber den Kurs erfahren<\/span><\/span><\/span><\/a><\/p>\n<p><span class=\"western\" lang=\"de-AT\"><span style=\"font-family: arial,helvetica,sans-serif; font-size: 12pt;\"><span lang=\"de-DE\"><span style=\"text-decoration: underline;\"><b>Adobe Premiere<\/b><\/span><\/span><\/span><\/span><br \/>\n<span class=\"western\" lang=\"de-AT\"><span style=\"font-family: arial,helvetica,sans-serif; font-size: 12pt;\"><span lang=\"de-DE\">Digitaler Videoschnitt hei\u00dft hier das Schlagwort. Die Schnittprogramme er\u00f6ffnen M\u00f6glichkeiten, die fr\u00fcher nur Studios vorbehalten waren. Kenntnisse \u00fcber souver\u00e4ne Kamerabedienung, ungew\u00f6hnliche Perspektiven und Einstellungen, effektvolle Zooms und Schwenks, Schnitt-Tricks und gekonnte \u00dcberblendungen geh\u00f6ren dazu. Beschriftungen wie Titel, Vorspann oder Abspann und Nachvertonung verleihen einem Videoprojekt den professionellen Look. <\/span><\/span><\/span><\/li>\n<li>\n<p lang=\"de-AT\" align=\"justify\"><span style=\"font-family: arial,helvetica,sans-serif; font-size: 12pt;\"><span lang=\"de-DE\"><b>Adobe Premiere Videoschnitt<\/b><\/span><\/span><br \/>\n<span class=\"western\" lang=\"de-AT\"><span style=\"font-family: arial,helvetica,sans-serif; font-size: 12pt;\"><span lang=\"de-DE\">Studieninhalt: 16 UE &#8211; 4 Termine<\/span><\/span><\/span><br \/>\n<span class=\"western\" lang=\"de-AT\"><span style=\"font-family: arial,helvetica,sans-serif; font-size: 12pt;\"><span lang=\"de-DE\">Studiengeb\u00fchr: EUR 350,-<\/span><\/span><\/span><\/p>\n<\/li>\n<li>\n<p lang=\"de-AT\" align=\"justify\"><span style=\"font-family: arial,helvetica,sans-serif; font-size: 12pt;\"><span lang=\"de-DE\"><b>Adobe Premiere Filmdreh<\/b><\/span><\/span><br \/>\n<span class=\"western\" lang=\"de-AT\"><span style=\"font-family: arial,helvetica,sans-serif; font-size: 12pt;\"><span lang=\"de-DE\">Studieninhalt: 24 UE &#8211; 6 Termine<\/span><\/span><\/span><br \/>\n<span class=\"western\" lang=\"de-AT\"><span style=\"font-family: arial,helvetica,sans-serif; font-size: 12pt;\"><span lang=\"de-DE\">Studiengeb\u00fchr: EUR 480,-<\/span><\/span><\/span><br \/>\n<a href=\"http:\/\/www.bfi-tirol.at\/kursprogramm\/kurssuche.html?tx_bfitirol_kurse[action]=list&amp;tx_bfitirol_kurse[controller]=Kurse&amp;cHash=286f3d19e316b9a18bc88b1a11e298a5\" target=\"_blank\"><span class=\"western\" lang=\"de-AT\"><span style=\"font-family: arial,helvetica,sans-serif; font-size: 12pt;\"><span lang=\"de-DE\">Mehr \u00fcber den Kurs erfahren<\/span><\/span><\/span><\/a><\/p>\n<\/li>\n<\/ul>\n<p>&nbsp;<\/p>\n","protected":false},"excerpt":{"rendered":"<p><a href=\"bildung-freude-inklusive\"><img loading=\"lazy\" decoding=\"async\" class=\"alignnone size-full wp-image-1245\" src=\"http:\/\/www.tourismfastforward.com\/2015\/wp-content\/uploads\/2015\/02\/bfi_tirol_BFI_Logo_4c_klein_df22887c21.jpg\" alt=\"bfi_tirol_BFI_Logo_4c_klein_df22887c21\" width=\"225\" height=\"119\" \/><\/a><\/p>\n<div style=\"text-align: left;\"><span style=\"font-family: 'arial black', 'avant garde';\"><strong><span style=\"font-size: 18pt;\">BILDUNG. FREUDE INKLUSIVE<\/span><\/strong><\/span><\/div>\n<div style=\"text-align: left;\"><span style=\"font-family: arial,helvetica,sans-serif; font-size: 12pt;\">BFI Studienangebote.<a href=\"bildung-freude-inklusive\">. <img loading=\"lazy\" decoding=\"async\" class=\"alignnone size-full wp-image-217\" src=\"http:\/\/www.tourismfastforward.com\/2015\/wp-content\/uploads\/2014\/12\/ff-arrow.png\" alt=\"ff-arrow\" width=\"26\" height=\"15\" \/> <\/a><\/span><\/div>\n","protected":false},"author":1,"featured_media":0,"comment_status":"closed","ping_status":"closed","sticky":false,"template":"","format":"standard","meta":{"ngg_post_thumbnail":0,"footnotes":""},"categories":[1],"tags":[],"class_list":["post-1183","post","type-post","status-publish","format-standard","hentry","category-uncategorised"],"yoast_head":"<!-- This site is optimized with the Yoast SEO plugin v27.5 - https:\/\/yoast.com\/product\/yoast-seo-wordpress\/ -->\n<title>Bildung. Freude Inklusive - Tourism Fast Forward 2015 | Die Konferenz f\u00fcr innovative Technologien im Tourismus<\/title>\n<meta name=\"robots\" content=\"index, follow, max-snippet:-1, max-image-preview:large, max-video-preview:-1\" \/>\n<link rel=\"canonical\" href=\"https:\/\/www.tourismfastforward.com\/2015\/bildung-freude-inklusive\/\" \/>\n<meta property=\"og:locale\" content=\"en_GB\" \/>\n<meta property=\"og:type\" content=\"article\" \/>\n<meta property=\"og:title\" content=\"Bildung. Freude Inklusive - Tourism Fast Forward 2015 | Die Konferenz f\u00fcr innovative Technologien im Tourismus\" \/>\n<meta property=\"og:description\" content=\"BILDUNG. FREUDE INKLUSIVE BFI Studienangebote..\" \/>\n<meta property=\"og:url\" content=\"https:\/\/www.tourismfastforward.com\/2015\/bildung-freude-inklusive\/\" \/>\n<meta property=\"og:site_name\" content=\"Tourism Fast Forward 2015 | Die Konferenz f\u00fcr innovative Technologien im Tourismus\" \/>\n<meta property=\"article:published_time\" content=\"2015-02-09T07:55:30+00:00\" \/>\n<meta property=\"article:modified_time\" content=\"2015-04-21T11:17:59+00:00\" \/>\n<meta property=\"og:image\" content=\"http:\/\/www.tourismfastforward.com\/2015\/wp-content\/uploads\/2014\/12\/TFF2015-Partner-BFI-logo.png\" \/>\n<meta name=\"twitter:label1\" content=\"Written by\" \/>\n\t<meta name=\"twitter:data1\" content=\"\" \/>\n\t<meta name=\"twitter:label2\" content=\"Estimated reading time\" \/>\n\t<meta name=\"twitter:data2\" content=\"4 minutes\" \/>\n<script type=\"application\/ld+json\" class=\"yoast-schema-graph\">{\"@context\":\"https:\\\/\\\/schema.org\",\"@graph\":[{\"@type\":\"Article\",\"@id\":\"https:\\\/\\\/www.tourismfastforward.com\\\/2015\\\/bildung-freude-inklusive\\\/#article\",\"isPartOf\":{\"@id\":\"https:\\\/\\\/www.tourismfastforward.com\\\/2015\\\/bildung-freude-inklusive\\\/\"},\"author\":{\"name\":\"\",\"@id\":\"\"},\"headline\":\"Bildung. Freude Inklusive\",\"datePublished\":\"2015-02-09T07:55:30+00:00\",\"dateModified\":\"2015-04-21T11:17:59+00:00\",\"mainEntityOfPage\":{\"@id\":\"https:\\\/\\\/www.tourismfastforward.com\\\/2015\\\/bildung-freude-inklusive\\\/\"},\"wordCount\":706,\"image\":{\"@id\":\"https:\\\/\\\/www.tourismfastforward.com\\\/2015\\\/bildung-freude-inklusive\\\/#primaryimage\"},\"thumbnailUrl\":\"http:\\\/\\\/www.tourismfastforward.com\\\/2015\\\/wp-content\\\/uploads\\\/2014\\\/12\\\/TFF2015-Partner-BFI-logo.png\",\"inLanguage\":\"en-GB\"},{\"@type\":\"WebPage\",\"@id\":\"https:\\\/\\\/www.tourismfastforward.com\\\/2015\\\/bildung-freude-inklusive\\\/\",\"url\":\"https:\\\/\\\/www.tourismfastforward.com\\\/2015\\\/bildung-freude-inklusive\\\/\",\"name\":\"Bildung. Freude Inklusive - Tourism Fast Forward 2015 | Die Konferenz f\u00fcr innovative Technologien im Tourismus\",\"isPartOf\":{\"@id\":\"https:\\\/\\\/www.tourismfastforward.com\\\/2015\\\/#website\"},\"primaryImageOfPage\":{\"@id\":\"https:\\\/\\\/www.tourismfastforward.com\\\/2015\\\/bildung-freude-inklusive\\\/#primaryimage\"},\"image\":{\"@id\":\"https:\\\/\\\/www.tourismfastforward.com\\\/2015\\\/bildung-freude-inklusive\\\/#primaryimage\"},\"thumbnailUrl\":\"http:\\\/\\\/www.tourismfastforward.com\\\/2015\\\/wp-content\\\/uploads\\\/2014\\\/12\\\/TFF2015-Partner-BFI-logo.png\",\"datePublished\":\"2015-02-09T07:55:30+00:00\",\"dateModified\":\"2015-04-21T11:17:59+00:00\",\"author\":{\"@id\":\"\"},\"breadcrumb\":{\"@id\":\"https:\\\/\\\/www.tourismfastforward.com\\\/2015\\\/bildung-freude-inklusive\\\/#breadcrumb\"},\"inLanguage\":\"en-GB\",\"potentialAction\":[{\"@type\":\"ReadAction\",\"target\":[\"https:\\\/\\\/www.tourismfastforward.com\\\/2015\\\/bildung-freude-inklusive\\\/\"]}]},{\"@type\":\"ImageObject\",\"inLanguage\":\"en-GB\",\"@id\":\"https:\\\/\\\/www.tourismfastforward.com\\\/2015\\\/bildung-freude-inklusive\\\/#primaryimage\",\"url\":\"http:\\\/\\\/www.tourismfastforward.com\\\/2015\\\/wp-content\\\/uploads\\\/2014\\\/12\\\/TFF2015-Partner-BFI-logo.png\",\"contentUrl\":\"http:\\\/\\\/www.tourismfastforward.com\\\/2015\\\/wp-content\\\/uploads\\\/2014\\\/12\\\/TFF2015-Partner-BFI-logo.png\"},{\"@type\":\"BreadcrumbList\",\"@id\":\"https:\\\/\\\/www.tourismfastforward.com\\\/2015\\\/bildung-freude-inklusive\\\/#breadcrumb\",\"itemListElement\":[{\"@type\":\"ListItem\",\"position\":1,\"name\":\"Home\",\"item\":\"https:\\\/\\\/www.tourismfastforward.com\\\/2015\\\/\"},{\"@type\":\"ListItem\",\"position\":2,\"name\":\"Bildung. Freude Inklusive\"}]},{\"@type\":\"WebSite\",\"@id\":\"https:\\\/\\\/www.tourismfastforward.com\\\/2015\\\/#website\",\"url\":\"https:\\\/\\\/www.tourismfastforward.com\\\/2015\\\/\",\"name\":\"Tourism Fast Forward 2015 | Die Konferenz f\u00fcr innovative Technologien im Tourismus\",\"description\":\"Tourism Fast Forward 2015\",\"potentialAction\":[{\"@type\":\"SearchAction\",\"target\":{\"@type\":\"EntryPoint\",\"urlTemplate\":\"https:\\\/\\\/www.tourismfastforward.com\\\/2015\\\/?s={search_term_string}\"},\"query-input\":{\"@type\":\"PropertyValueSpecification\",\"valueRequired\":true,\"valueName\":\"search_term_string\"}}],\"inLanguage\":\"en-GB\"},{\"@type\":\"Person\",\"@id\":\"\",\"url\":\"https:\\\/\\\/www.tourismfastforward.com\\\/2015\\\/author\\\/\"}]}<\/script>\n<!-- \/ Yoast SEO plugin. -->","yoast_head_json":{"title":"Bildung. Freude Inklusive - Tourism Fast Forward 2015 | Die Konferenz f\u00fcr innovative Technologien im Tourismus","robots":{"index":"index","follow":"follow","max-snippet":"max-snippet:-1","max-image-preview":"max-image-preview:large","max-video-preview":"max-video-preview:-1"},"canonical":"https:\/\/www.tourismfastforward.com\/2015\/bildung-freude-inklusive\/","og_locale":"en_GB","og_type":"article","og_title":"Bildung. Freude Inklusive - Tourism Fast Forward 2015 | Die Konferenz f\u00fcr innovative Technologien im Tourismus","og_description":"BILDUNG. FREUDE INKLUSIVE BFI Studienangebote..","og_url":"https:\/\/www.tourismfastforward.com\/2015\/bildung-freude-inklusive\/","og_site_name":"Tourism Fast Forward 2015 | Die Konferenz f\u00fcr innovative Technologien im Tourismus","article_published_time":"2015-02-09T07:55:30+00:00","article_modified_time":"2015-04-21T11:17:59+00:00","og_image":[{"url":"http:\/\/www.tourismfastforward.com\/2015\/wp-content\/uploads\/2014\/12\/TFF2015-Partner-BFI-logo.png","type":"","width":"","height":""}],"twitter_misc":{"Written by":"","Estimated reading time":"4 minutes"},"schema":{"@context":"https:\/\/schema.org","@graph":[{"@type":"Article","@id":"https:\/\/www.tourismfastforward.com\/2015\/bildung-freude-inklusive\/#article","isPartOf":{"@id":"https:\/\/www.tourismfastforward.com\/2015\/bildung-freude-inklusive\/"},"author":{"name":"","@id":""},"headline":"Bildung. Freude Inklusive","datePublished":"2015-02-09T07:55:30+00:00","dateModified":"2015-04-21T11:17:59+00:00","mainEntityOfPage":{"@id":"https:\/\/www.tourismfastforward.com\/2015\/bildung-freude-inklusive\/"},"wordCount":706,"image":{"@id":"https:\/\/www.tourismfastforward.com\/2015\/bildung-freude-inklusive\/#primaryimage"},"thumbnailUrl":"http:\/\/www.tourismfastforward.com\/2015\/wp-content\/uploads\/2014\/12\/TFF2015-Partner-BFI-logo.png","inLanguage":"en-GB"},{"@type":"WebPage","@id":"https:\/\/www.tourismfastforward.com\/2015\/bildung-freude-inklusive\/","url":"https:\/\/www.tourismfastforward.com\/2015\/bildung-freude-inklusive\/","name":"Bildung. Freude Inklusive - Tourism Fast Forward 2015 | Die Konferenz f\u00fcr innovative Technologien im Tourismus","isPartOf":{"@id":"https:\/\/www.tourismfastforward.com\/2015\/#website"},"primaryImageOfPage":{"@id":"https:\/\/www.tourismfastforward.com\/2015\/bildung-freude-inklusive\/#primaryimage"},"image":{"@id":"https:\/\/www.tourismfastforward.com\/2015\/bildung-freude-inklusive\/#primaryimage"},"thumbnailUrl":"http:\/\/www.tourismfastforward.com\/2015\/wp-content\/uploads\/2014\/12\/TFF2015-Partner-BFI-logo.png","datePublished":"2015-02-09T07:55:30+00:00","dateModified":"2015-04-21T11:17:59+00:00","author":{"@id":""},"breadcrumb":{"@id":"https:\/\/www.tourismfastforward.com\/2015\/bildung-freude-inklusive\/#breadcrumb"},"inLanguage":"en-GB","potentialAction":[{"@type":"ReadAction","target":["https:\/\/www.tourismfastforward.com\/2015\/bildung-freude-inklusive\/"]}]},{"@type":"ImageObject","inLanguage":"en-GB","@id":"https:\/\/www.tourismfastforward.com\/2015\/bildung-freude-inklusive\/#primaryimage","url":"http:\/\/www.tourismfastforward.com\/2015\/wp-content\/uploads\/2014\/12\/TFF2015-Partner-BFI-logo.png","contentUrl":"http:\/\/www.tourismfastforward.com\/2015\/wp-content\/uploads\/2014\/12\/TFF2015-Partner-BFI-logo.png"},{"@type":"BreadcrumbList","@id":"https:\/\/www.tourismfastforward.com\/2015\/bildung-freude-inklusive\/#breadcrumb","itemListElement":[{"@type":"ListItem","position":1,"name":"Home","item":"https:\/\/www.tourismfastforward.com\/2015\/"},{"@type":"ListItem","position":2,"name":"Bildung. Freude Inklusive"}]},{"@type":"WebSite","@id":"https:\/\/www.tourismfastforward.com\/2015\/#website","url":"https:\/\/www.tourismfastforward.com\/2015\/","name":"Tourism Fast Forward 2015 | Die Konferenz f\u00fcr innovative Technologien im Tourismus","description":"Tourism Fast Forward 2015","potentialAction":[{"@type":"SearchAction","target":{"@type":"EntryPoint","urlTemplate":"https:\/\/www.tourismfastforward.com\/2015\/?s={search_term_string}"},"query-input":{"@type":"PropertyValueSpecification","valueRequired":true,"valueName":"search_term_string"}}],"inLanguage":"en-GB"},{"@type":"Person","@id":"","url":"https:\/\/www.tourismfastforward.com\/2015\/author\/"}]}},"_links":{"self":[{"href":"https:\/\/www.tourismfastforward.com\/2015\/wp-json\/wp\/v2\/posts\/1183","targetHints":{"allow":["GET"]}}],"collection":[{"href":"https:\/\/www.tourismfastforward.com\/2015\/wp-json\/wp\/v2\/posts"}],"about":[{"href":"https:\/\/www.tourismfastforward.com\/2015\/wp-json\/wp\/v2\/types\/post"}],"author":[{"embeddable":true,"href":"https:\/\/www.tourismfastforward.com\/2015\/wp-json\/wp\/v2\/users\/1"}],"replies":[{"embeddable":true,"href":"https:\/\/www.tourismfastforward.com\/2015\/wp-json\/wp\/v2\/comments?post=1183"}],"version-history":[{"count":24,"href":"https:\/\/www.tourismfastforward.com\/2015\/wp-json\/wp\/v2\/posts\/1183\/revisions"}],"predecessor-version":[{"id":2302,"href":"https:\/\/www.tourismfastforward.com\/2015\/wp-json\/wp\/v2\/posts\/1183\/revisions\/2302"}],"wp:attachment":[{"href":"https:\/\/www.tourismfastforward.com\/2015\/wp-json\/wp\/v2\/media?parent=1183"}],"wp:term":[{"taxonomy":"category","embeddable":true,"href":"https:\/\/www.tourismfastforward.com\/2015\/wp-json\/wp\/v2\/categories?post=1183"},{"taxonomy":"post_tag","embeddable":true,"href":"https:\/\/www.tourismfastforward.com\/2015\/wp-json\/wp\/v2\/tags?post=1183"}],"curies":[{"name":"wp","href":"https:\/\/api.w.org\/{rel}","templated":true}]}}