{"id":1032,"date":"2015-02-13T09:20:57","date_gmt":"2015-02-13T08:20:57","guid":{"rendered":"http:\/\/www.tourismfastforward.com\/?p=1032"},"modified":"2015-04-21T13:09:30","modified_gmt":"2015-04-21T11:09:30","slug":"sharing-economy-das-nachste-thema-das-der-tourismus-verschlaft","status":"publish","type":"post","link":"https:\/\/www.tourismfastforward.com\/2015\/sharing-economy-das-nachste-thema-das-der-tourismus-verschlaft\/","title":{"rendered":"Sharing Economy &#8211; Das n\u00e4chste Thema das der Tourismus verschl\u00e4ft?"},"content":{"rendered":"<p><strong><span style=\"font-family: arial,helvetica,sans-serif; font-size: 24pt;\">Sharing Economy &#8211; Das n\u00e4chste Thema das der Tourismus verschl\u00e4ft?<\/span><\/strong><\/p>\n<p><span style=\"font-size: 12pt; font-family: arial,helvetica,sans-serif;\"><strong>Eine provokante These von Andreas Lackner, Gesch\u00e4ftsf\u00fchrer TVB Mayrhofen.<\/strong><\/span><\/p>\n<p><span style=\"font-size: 12pt; font-family: arial,helvetica,sans-serif;\">Es ist noch nicht all zu lange her, dass der technische Fortschritt die Tourismusbranche im Eilzugstempo \u00fcberholt hat. Das Ergebnis: IT Riesen, die mit ihren Buchungsportalen den touristischen Online-Buchungsmarkt v\u00f6llig dominieren. Wir wollen hier nicht mehr \u00fcber Wertsch\u00f6pfung und Provisionen sprechen oder was Touristiker Land auf Land ab verschlafen haben. Vieles hat sich zwischenzeitlich auch ge\u00e4ndert. Nach wie vor geh\u00f6rt aber der Aufbau der eigenen Vertriebskompetenz noch nicht zu den St\u00e4rken von touristischen Leistungstr\u00e4gern und Tourismusorganisationen. Die Welt dreht sich schneller, als dass sich viele daran anpassen k\u00f6nnten.<\/span><\/p>\n<h3><strong><span style=\"font-size: 12pt; font-family: arial,helvetica,sans-serif; color: #808080;\">Gesellschaftlicher Wandel<\/span><\/strong><\/h3>\n<p><span style=\"font-size: 12pt; font-family: arial,helvetica,sans-serif;\">Nun macht mit Sharing Economies ein neues Thema seit 2 bis 3 Jahren die Runde. Unternehmen wie Airbnb zeigen, wie touristischer Verkauf in einer sich wandelnden Gesellschaft funktioniert. Freilich auch nicht ganz ohne Reibungsverluste, wenn man Diskussionen rund um nicht zweckm\u00e4\u00dfig vermietete Objekte betrachtet. Aber darum geht es jetzt nicht.<\/span><\/p>\n<div id=\"attachment_1034\" style=\"width: 733px\" class=\"wp-caption aligncenter\"><a href=\"http:\/\/www.tourismfastforward.com\/2015\/wp-content\/uploads\/2015\/01\/Willkommen.jpg\"><img loading=\"lazy\" decoding=\"async\" aria-describedby=\"caption-attachment-1034\" class=\"wp-image-1034 size-medium\" src=\"http:\/\/www.tourismfastforward.com\/2015\/wp-content\/uploads\/2015\/01\/Willkommen-723x224.jpg\" alt=\"Airbnb\" width=\"723\" height=\"224\" srcset=\"https:\/\/www.tourismfastforward.com\/2015\/wp-content\/uploads\/2015\/01\/Willkommen-723x224.jpg 723w, https:\/\/www.tourismfastforward.com\/2015\/wp-content\/uploads\/2015\/01\/Willkommen-1024x317.jpg 1024w, https:\/\/www.tourismfastforward.com\/2015\/wp-content\/uploads\/2015\/01\/Willkommen.jpg 1887w\" sizes=\"auto, (max-width: 723px) 100vw, 723px\" \/><\/a><p id=\"caption-attachment-1034\" class=\"wp-caption-text\">Bild: Screenshot Airbnb.com<\/p><\/div>\n<p><span style=\"font-size: 12pt; font-family: arial,helvetica,sans-serif;\">Klar ist, die Gesellschaft befindet sich im Wandel. Werte wie Nachhaltigkeit, Vertrauen und besonders im Tourismus die Themen Gastlichkeit und Pers\u00f6nlichkeit gewinnen wieder an Aufwind. Diese Anspr\u00fcche finden vor allem in einer postmateriellen Zielgruppe wesentliche Beachtung.<\/span><\/p>\n<h3><strong><span style=\"font-size: 12pt; font-family: arial,helvetica,sans-serif; color: #808080;\">Verkaufen wir Erlebnisse?<\/span><\/strong><\/h3>\n<p><span style=\"font-size: 12pt; font-family: arial,helvetica,sans-serif;\">Betrachtet man nun die Online Pr\u00e4senz von zum Beispiel Airbnb, so wird sehr schnell klar, dass es nicht der Preis oder der LastMinute Deal ist, der ausschlaggebend ist. Im Vordergrund stehen Erlebnisse in den Destinationen aber auch und vor allem die Pr\u00e4sentation des Gastgebers. Es wirkt ja fast so, als w\u00fcrde man ein Zimmer bei einem Freund buchen, den man schon lange kennt. Auch in Sachen Transparenz geht man mit der &#8220;Provision&#8221; ganz anders um. Es gibt die Service-Geb\u00fchr, die Airbnb erh\u00e4lt und die dem Gast von Anfang an transparent dargestellt wird und Teil des Preises bildet.<\/span><\/p>\n<div id=\"attachment_1035\" style=\"width: 539px\" class=\"wp-caption aligncenter\"><a href=\"http:\/\/www.tourismfastforward.com\/2015\/wp-content\/uploads\/2015\/01\/Airbnb_Vermieter_2.jpg\"><img loading=\"lazy\" decoding=\"async\" aria-describedby=\"caption-attachment-1035\" class=\"wp-image-1035 size-medium\" src=\"http:\/\/www.tourismfastforward.com\/2015\/wp-content\/uploads\/2015\/01\/Airbnb_Vermieter_2-529x382.jpg\" alt=\"Airbnb_Vermieter\" width=\"529\" height=\"382\" srcset=\"https:\/\/www.tourismfastforward.com\/2015\/wp-content\/uploads\/2015\/01\/Airbnb_Vermieter_2-529x382.jpg 529w, https:\/\/www.tourismfastforward.com\/2015\/wp-content\/uploads\/2015\/01\/Airbnb_Vermieter_2.jpg 811w\" sizes=\"auto, (max-width: 529px) 100vw, 529px\" \/><\/a><p id=\"caption-attachment-1035\" class=\"wp-caption-text\">Bild: Screenshot Airbnb.com<\/p><\/div>\n<p><span style=\"font-size: 12pt; font-family: arial,helvetica,sans-serif;\"><strong>Man wird den Eindruck nicht los, dass es nicht um das billigste Zimmer, sondern um die teuerste Freundschaft geht.<\/strong><\/span><\/p>\n<p><span style=\"font-size: 12pt; font-family: arial,helvetica,sans-serif;\">Klingt doch alles sehr vertraut, oder nicht? Sind Gastlichkeit, Pers\u00f6nlichkeit und Vertrauen nicht ohnehin die Attribute, die unsere Gastgeber im alpinen Raum so auszeichnen? Sind ein Gro\u00dfteil unserer Vermieter nicht genau das? 1 Haus und 1,2,3 Ferienwohnungen. 1 nettes Ehepaar, das sich wie Eltern um G\u00e4ste k\u00fcmmern und sich freuen, wenn G\u00e4ste da sind? Machen wir seit 150 Jahren schon nichts anderes als Sharing Economies?<\/span><\/p>\n<p><span style=\"font-size: 12pt; font-family: arial,helvetica,sans-serif;\"><strong>Hier mal extra ein altes Bild aus unserem Archiv, das genau das zeigt, was wir wom\u00f6glich schon vergessen haben, darzustellen:<\/strong><\/span><\/p>\n<p><img loading=\"lazy\" decoding=\"async\" class=\" size-medium wp-image-1033 aligncenter\" src=\"http:\/\/www.tourismfastforward.com\/2015\/wp-content\/uploads\/2015\/01\/Vermieter_MHF-482x382.jpg\" alt=\"Gastlichkeit\" width=\"482\" height=\"382\" srcset=\"https:\/\/www.tourismfastforward.com\/2015\/wp-content\/uploads\/2015\/01\/Vermieter_MHF-482x382.jpg 482w, https:\/\/www.tourismfastforward.com\/2015\/wp-content\/uploads\/2015\/01\/Vermieter_MHF.jpg 999w\" sizes=\"auto, (max-width: 482px) 100vw, 482px\" \/><\/p>\n<p><span style=\"font-size: 12pt; font-family: arial,helvetica,sans-serif;\"><strong>Warum buchen dann G\u00e4ste auf einer Plattform wie Airbnb und nicht beim Vermieter selbst oder in unseren offiziellen Tourismusorganisationen?<\/strong><\/span><\/p>\n<p><span style=\"font-size: 12pt; font-family: arial,helvetica,sans-serif;\">Naja. Schauen wir uns mal unsere erst k\u00fcrzlich optimierten Buchungsstrecken auf den Webseiten der Betriebe und Tourismusorganisationen an. Wo ist da die Pers\u00f6nlichkeit des Vermieters? Wo finden wir da die dargestellte Gastlichkeit, die der Kern unseres Produktes ist? Oder m\u00fcssen wir uns die Kritik gefallen lassen, dass das was wir ausliefern eher &#8220;Immobilienlisten&#8221; sind in deren Vordergrund Bestpreisgarantien, AGBs, Stornorichtlinien, Zahlungsbedingungen &amp; Co. stehen? Haben wir uns davon treiben lassen, die gro\u00dfen Portale kopieren zu m\u00fcssen und genauso zu werden, wie sie, um zumindest ein wenig am Kuchen mitnaschen zu k\u00f6nnen?<\/span><\/p>\n<div id=\"attachment_1038\" style=\"width: 484px\" class=\"wp-caption aligncenter\"><a href=\"http:\/\/www.tourismfastforward.com\/2015\/wp-content\/uploads\/2015\/01\/Immobilienliste2.jpg\"><img loading=\"lazy\" decoding=\"async\" aria-describedby=\"caption-attachment-1038\" class=\"size-medium wp-image-1038\" src=\"http:\/\/www.tourismfastforward.com\/2015\/wp-content\/uploads\/2015\/01\/Immobilienliste2-474x382.jpg\" alt=\"Bild: Screenshot mayrhofen.at\" width=\"474\" height=\"382\" srcset=\"https:\/\/www.tourismfastforward.com\/2015\/wp-content\/uploads\/2015\/01\/Immobilienliste2-474x382.jpg 474w, https:\/\/www.tourismfastforward.com\/2015\/wp-content\/uploads\/2015\/01\/Immobilienliste2-240x192.jpg 240w, https:\/\/www.tourismfastforward.com\/2015\/wp-content\/uploads\/2015\/01\/Immobilienliste2.jpg 1011w\" sizes=\"auto, (max-width: 474px) 100vw, 474px\" \/><\/a><p id=\"caption-attachment-1038\" class=\"wp-caption-text\">Bild: Screenshot mayrhofen.at<\/p><\/div>\n<p><span style=\"font-size: 12pt; font-family: arial,helvetica,sans-serif;\">Wer wei\u00df. Ganz so schlecht wird es nicht gewesen sein, denn es ist klar, dass damit viel mehr direktes Gesch\u00e4ft zu den Vermietern geleitet wird, als je zuvor und sich auch ein gewisser Kompetenzsprung auf allen Ebenen zeigt. Nur ist damit die Arbeit nicht erledigt und es ist offensichtlich, dass erneut etwas in den Gang kommt, das sich mit einem gesellschaftlichen Wandel begr\u00fcnden l\u00e4sst.<\/span><\/p>\n<p><span style=\"font-size: 12pt; font-family: arial,helvetica,sans-serif;\">Wenn wir Gastlichkeit, Pers\u00f6nlichkeit und Vertrauen als eine Kernkompetenz definieren, stellt sich die Frage, wie wir fr\u00fchzeitig von Entwicklungen am Markt lernen und diese auch entsprechend in unseren Auftritten und Buchungsstrecken darstellen. Dieses Mal sollte die Branche nicht die Augen zuschlie\u00dfen und warten bis alle anderen unsere Kernwerte besser verkaufen, als wir selbst. Wir m\u00fcssen uns mit dem gesellschaftlichen Wandel besch\u00e4ftigen, wir m\u00fcssen uns damit auseinandersetzen welche Auswirkungen dieser auf das Konsumverhalten hat und dementsprechend fr\u00fch mit L\u00f6sungen vorne dabei sein.<\/span><\/p>\n<p><span style=\"font-size: 12pt; font-family: arial,helvetica,sans-serif;\">TourismFastForward wird mit Sicherheit eine tolle Inspirationsquelle f\u00fcr uns sein und wir k\u00f6nnen gespannt sein, was Experten wie Harald Heinrichs, Michael Kuhndt und Airbnb dazu zu berichten wissen.<\/span><\/p>\n","protected":false},"excerpt":{"rendered":"<p><a title=\"sharing economy\" href=\"sharing-economy-das-nachste-thema-das-der-tourismus-verschlaft\" target=\"_blank\"><img loading=\"lazy\" decoding=\"async\" class=\"alignnone size-full wp-image-1242\" src=\"http:\/\/www.tourismfastforward.com\/2015\/wp-content\/uploads\/2015\/02\/share-button-on-keyboard-665x4421.jpg\" alt=\"share-button-on-keyboard-665x4421\" width=\"225\" height=\"119\" \/><\/a><\/p>\n<h1>SHARING ECONOMY<\/h1>\n<h3>Gastlichkeit, Pers\u00f6nlichkeit und Vertrauen. Kernkompetenzen. Es geht nicht an, die Augen zu verschlie\u00dfen und darauf zu warten, dass andere unsere Kernwerte besser verkaufen als wir. <a title=\"Sharing Economy\" href=\"sharing-economy-das-nachste-thema-das-der-tourismus-verschlaft\" target=\"_blank\"><img loading=\"lazy\" decoding=\"async\" class=\"alignnone  wp-image-217\" src=\"http:\/\/www.tourismfastforward.com\/2015\/wp-content\/uploads\/2014\/12\/ff-arrow.png\" alt=\"ff-arrow\" width=\"26\" height=\"16\" \/><\/a><\/h3>\n","protected":false},"author":1,"featured_media":0,"comment_status":"closed","ping_status":"closed","sticky":false,"template":"","format":"standard","meta":{"ngg_post_thumbnail":0,"footnotes":""},"categories":[18],"tags":[8,9],"class_list":["post-1032","post","type-post","status-publish","format-standard","hentry","category-appears_on_frontpage","tag-sharing-ecomony","tag-tourismus"],"yoast_head":"<!-- This site is optimized with the Yoast SEO plugin v27.5 - https:\/\/yoast.com\/product\/yoast-seo-wordpress\/ -->\n<title>Sharing Economy: Verschl\u00e4ft unser Tourismus dieses Thema?<\/title>\n<meta name=\"description\" content=\"Wir haben im Tourismus zwei M\u00f6glichkeiten: sich der neuen Herausforderung namens &#039;sharing economy&#039; zu stellen oder sie zu verschlafen.\" \/>\n<meta name=\"robots\" content=\"index, follow, max-snippet:-1, max-image-preview:large, max-video-preview:-1\" \/>\n<link rel=\"canonical\" href=\"https:\/\/www.tourismfastforward.com\/2015\/sharing-economy-das-nachste-thema-das-der-tourismus-verschlaft\/\" \/>\n<meta property=\"og:locale\" content=\"en_GB\" \/>\n<meta property=\"og:type\" content=\"article\" \/>\n<meta property=\"og:title\" content=\"Sharing Economy: Verschl\u00e4ft unser Tourismus dieses Thema?\" \/>\n<meta property=\"og:description\" content=\"Wir haben im Tourismus zwei M\u00f6glichkeiten: sich der neuen Herausforderung namens &#039;sharing economy&#039; zu stellen oder sie zu verschlafen.\" \/>\n<meta property=\"og:url\" content=\"https:\/\/www.tourismfastforward.com\/2015\/sharing-economy-das-nachste-thema-das-der-tourismus-verschlaft\/\" \/>\n<meta property=\"og:site_name\" content=\"Tourism Fast Forward 2015 | Die Konferenz f\u00fcr innovative Technologien im Tourismus\" \/>\n<meta property=\"article:published_time\" content=\"2015-02-13T08:20:57+00:00\" \/>\n<meta property=\"article:modified_time\" content=\"2015-04-21T11:09:30+00:00\" \/>\n<meta property=\"og:image\" content=\"http:\/\/www.tourismfastforward.com\/2015\/wp-content\/uploads\/2015\/01\/Willkommen-723x224.jpg\" \/>\n<meta name=\"twitter:label1\" content=\"Written by\" \/>\n\t<meta name=\"twitter:data1\" content=\"\" \/>\n\t<meta name=\"twitter:label2\" content=\"Estimated reading time\" \/>\n\t<meta name=\"twitter:data2\" content=\"4 minutes\" \/>\n<script type=\"application\/ld+json\" class=\"yoast-schema-graph\">{\"@context\":\"https:\\\/\\\/schema.org\",\"@graph\":[{\"@type\":\"Article\",\"@id\":\"https:\\\/\\\/www.tourismfastforward.com\\\/2015\\\/sharing-economy-das-nachste-thema-das-der-tourismus-verschlaft\\\/#article\",\"isPartOf\":{\"@id\":\"https:\\\/\\\/www.tourismfastforward.com\\\/2015\\\/sharing-economy-das-nachste-thema-das-der-tourismus-verschlaft\\\/\"},\"author\":{\"name\":\"\",\"@id\":\"\"},\"headline\":\"Sharing Economy &#8211; Das n\u00e4chste Thema das der Tourismus verschl\u00e4ft?\",\"datePublished\":\"2015-02-13T08:20:57+00:00\",\"dateModified\":\"2015-04-21T11:09:30+00:00\",\"mainEntityOfPage\":{\"@id\":\"https:\\\/\\\/www.tourismfastforward.com\\\/2015\\\/sharing-economy-das-nachste-thema-das-der-tourismus-verschlaft\\\/\"},\"wordCount\":766,\"image\":{\"@id\":\"https:\\\/\\\/www.tourismfastforward.com\\\/2015\\\/sharing-economy-das-nachste-thema-das-der-tourismus-verschlaft\\\/#primaryimage\"},\"thumbnailUrl\":\"http:\\\/\\\/www.tourismfastforward.com\\\/2015\\\/wp-content\\\/uploads\\\/2015\\\/01\\\/Willkommen-723x224.jpg\",\"keywords\":[\"sharing ecomony\",\"tourismus\"],\"articleSection\":[\"appears_on_frontpage\"],\"inLanguage\":\"en-GB\"},{\"@type\":\"WebPage\",\"@id\":\"https:\\\/\\\/www.tourismfastforward.com\\\/2015\\\/sharing-economy-das-nachste-thema-das-der-tourismus-verschlaft\\\/\",\"url\":\"https:\\\/\\\/www.tourismfastforward.com\\\/2015\\\/sharing-economy-das-nachste-thema-das-der-tourismus-verschlaft\\\/\",\"name\":\"Sharing Economy: Verschl\u00e4ft unser Tourismus dieses Thema?\",\"isPartOf\":{\"@id\":\"https:\\\/\\\/www.tourismfastforward.com\\\/2015\\\/#website\"},\"primaryImageOfPage\":{\"@id\":\"https:\\\/\\\/www.tourismfastforward.com\\\/2015\\\/sharing-economy-das-nachste-thema-das-der-tourismus-verschlaft\\\/#primaryimage\"},\"image\":{\"@id\":\"https:\\\/\\\/www.tourismfastforward.com\\\/2015\\\/sharing-economy-das-nachste-thema-das-der-tourismus-verschlaft\\\/#primaryimage\"},\"thumbnailUrl\":\"http:\\\/\\\/www.tourismfastforward.com\\\/2015\\\/wp-content\\\/uploads\\\/2015\\\/01\\\/Willkommen-723x224.jpg\",\"datePublished\":\"2015-02-13T08:20:57+00:00\",\"dateModified\":\"2015-04-21T11:09:30+00:00\",\"author\":{\"@id\":\"\"},\"description\":\"Wir haben im Tourismus zwei M\u00f6glichkeiten: sich der neuen Herausforderung namens 'sharing economy' zu stellen oder sie zu verschlafen.\",\"breadcrumb\":{\"@id\":\"https:\\\/\\\/www.tourismfastforward.com\\\/2015\\\/sharing-economy-das-nachste-thema-das-der-tourismus-verschlaft\\\/#breadcrumb\"},\"inLanguage\":\"en-GB\",\"potentialAction\":[{\"@type\":\"ReadAction\",\"target\":[\"https:\\\/\\\/www.tourismfastforward.com\\\/2015\\\/sharing-economy-das-nachste-thema-das-der-tourismus-verschlaft\\\/\"]}]},{\"@type\":\"ImageObject\",\"inLanguage\":\"en-GB\",\"@id\":\"https:\\\/\\\/www.tourismfastforward.com\\\/2015\\\/sharing-economy-das-nachste-thema-das-der-tourismus-verschlaft\\\/#primaryimage\",\"url\":\"http:\\\/\\\/www.tourismfastforward.com\\\/2015\\\/wp-content\\\/uploads\\\/2015\\\/01\\\/Willkommen-723x224.jpg\",\"contentUrl\":\"http:\\\/\\\/www.tourismfastforward.com\\\/2015\\\/wp-content\\\/uploads\\\/2015\\\/01\\\/Willkommen-723x224.jpg\"},{\"@type\":\"BreadcrumbList\",\"@id\":\"https:\\\/\\\/www.tourismfastforward.com\\\/2015\\\/sharing-economy-das-nachste-thema-das-der-tourismus-verschlaft\\\/#breadcrumb\",\"itemListElement\":[{\"@type\":\"ListItem\",\"position\":1,\"name\":\"Home\",\"item\":\"https:\\\/\\\/www.tourismfastforward.com\\\/2015\\\/\"},{\"@type\":\"ListItem\",\"position\":2,\"name\":\"Sharing Economy &#8211; Das n\u00e4chste Thema das der Tourismus verschl\u00e4ft?\"}]},{\"@type\":\"WebSite\",\"@id\":\"https:\\\/\\\/www.tourismfastforward.com\\\/2015\\\/#website\",\"url\":\"https:\\\/\\\/www.tourismfastforward.com\\\/2015\\\/\",\"name\":\"Tourism Fast Forward 2015 | Die Konferenz f\u00fcr innovative Technologien im Tourismus\",\"description\":\"Tourism Fast Forward 2015\",\"potentialAction\":[{\"@type\":\"SearchAction\",\"target\":{\"@type\":\"EntryPoint\",\"urlTemplate\":\"https:\\\/\\\/www.tourismfastforward.com\\\/2015\\\/?s={search_term_string}\"},\"query-input\":{\"@type\":\"PropertyValueSpecification\",\"valueRequired\":true,\"valueName\":\"search_term_string\"}}],\"inLanguage\":\"en-GB\"},{\"@type\":\"Person\",\"@id\":\"\",\"url\":\"https:\\\/\\\/www.tourismfastforward.com\\\/2015\\\/author\\\/\"}]}<\/script>\n<!-- \/ Yoast SEO plugin. -->","yoast_head_json":{"title":"Sharing Economy: Verschl\u00e4ft unser Tourismus dieses Thema?","description":"Wir haben im Tourismus zwei M\u00f6glichkeiten: sich der neuen Herausforderung namens 'sharing economy' zu stellen oder sie zu verschlafen.","robots":{"index":"index","follow":"follow","max-snippet":"max-snippet:-1","max-image-preview":"max-image-preview:large","max-video-preview":"max-video-preview:-1"},"canonical":"https:\/\/www.tourismfastforward.com\/2015\/sharing-economy-das-nachste-thema-das-der-tourismus-verschlaft\/","og_locale":"en_GB","og_type":"article","og_title":"Sharing Economy: Verschl\u00e4ft unser Tourismus dieses Thema?","og_description":"Wir haben im Tourismus zwei M\u00f6glichkeiten: sich der neuen Herausforderung namens 'sharing economy' zu stellen oder sie zu verschlafen.","og_url":"https:\/\/www.tourismfastforward.com\/2015\/sharing-economy-das-nachste-thema-das-der-tourismus-verschlaft\/","og_site_name":"Tourism Fast Forward 2015 | Die Konferenz f\u00fcr innovative Technologien im Tourismus","article_published_time":"2015-02-13T08:20:57+00:00","article_modified_time":"2015-04-21T11:09:30+00:00","og_image":[{"url":"http:\/\/www.tourismfastforward.com\/2015\/wp-content\/uploads\/2015\/01\/Willkommen-723x224.jpg","type":"","width":"","height":""}],"twitter_misc":{"Written by":"","Estimated reading time":"4 minutes"},"schema":{"@context":"https:\/\/schema.org","@graph":[{"@type":"Article","@id":"https:\/\/www.tourismfastforward.com\/2015\/sharing-economy-das-nachste-thema-das-der-tourismus-verschlaft\/#article","isPartOf":{"@id":"https:\/\/www.tourismfastforward.com\/2015\/sharing-economy-das-nachste-thema-das-der-tourismus-verschlaft\/"},"author":{"name":"","@id":""},"headline":"Sharing Economy &#8211; Das n\u00e4chste Thema das der Tourismus verschl\u00e4ft?","datePublished":"2015-02-13T08:20:57+00:00","dateModified":"2015-04-21T11:09:30+00:00","mainEntityOfPage":{"@id":"https:\/\/www.tourismfastforward.com\/2015\/sharing-economy-das-nachste-thema-das-der-tourismus-verschlaft\/"},"wordCount":766,"image":{"@id":"https:\/\/www.tourismfastforward.com\/2015\/sharing-economy-das-nachste-thema-das-der-tourismus-verschlaft\/#primaryimage"},"thumbnailUrl":"http:\/\/www.tourismfastforward.com\/2015\/wp-content\/uploads\/2015\/01\/Willkommen-723x224.jpg","keywords":["sharing ecomony","tourismus"],"articleSection":["appears_on_frontpage"],"inLanguage":"en-GB"},{"@type":"WebPage","@id":"https:\/\/www.tourismfastforward.com\/2015\/sharing-economy-das-nachste-thema-das-der-tourismus-verschlaft\/","url":"https:\/\/www.tourismfastforward.com\/2015\/sharing-economy-das-nachste-thema-das-der-tourismus-verschlaft\/","name":"Sharing Economy: Verschl\u00e4ft unser Tourismus dieses Thema?","isPartOf":{"@id":"https:\/\/www.tourismfastforward.com\/2015\/#website"},"primaryImageOfPage":{"@id":"https:\/\/www.tourismfastforward.com\/2015\/sharing-economy-das-nachste-thema-das-der-tourismus-verschlaft\/#primaryimage"},"image":{"@id":"https:\/\/www.tourismfastforward.com\/2015\/sharing-economy-das-nachste-thema-das-der-tourismus-verschlaft\/#primaryimage"},"thumbnailUrl":"http:\/\/www.tourismfastforward.com\/2015\/wp-content\/uploads\/2015\/01\/Willkommen-723x224.jpg","datePublished":"2015-02-13T08:20:57+00:00","dateModified":"2015-04-21T11:09:30+00:00","author":{"@id":""},"description":"Wir haben im Tourismus zwei M\u00f6glichkeiten: sich der neuen Herausforderung namens 'sharing economy' zu stellen oder sie zu verschlafen.","breadcrumb":{"@id":"https:\/\/www.tourismfastforward.com\/2015\/sharing-economy-das-nachste-thema-das-der-tourismus-verschlaft\/#breadcrumb"},"inLanguage":"en-GB","potentialAction":[{"@type":"ReadAction","target":["https:\/\/www.tourismfastforward.com\/2015\/sharing-economy-das-nachste-thema-das-der-tourismus-verschlaft\/"]}]},{"@type":"ImageObject","inLanguage":"en-GB","@id":"https:\/\/www.tourismfastforward.com\/2015\/sharing-economy-das-nachste-thema-das-der-tourismus-verschlaft\/#primaryimage","url":"http:\/\/www.tourismfastforward.com\/2015\/wp-content\/uploads\/2015\/01\/Willkommen-723x224.jpg","contentUrl":"http:\/\/www.tourismfastforward.com\/2015\/wp-content\/uploads\/2015\/01\/Willkommen-723x224.jpg"},{"@type":"BreadcrumbList","@id":"https:\/\/www.tourismfastforward.com\/2015\/sharing-economy-das-nachste-thema-das-der-tourismus-verschlaft\/#breadcrumb","itemListElement":[{"@type":"ListItem","position":1,"name":"Home","item":"https:\/\/www.tourismfastforward.com\/2015\/"},{"@type":"ListItem","position":2,"name":"Sharing Economy &#8211; Das n\u00e4chste Thema das der Tourismus verschl\u00e4ft?"}]},{"@type":"WebSite","@id":"https:\/\/www.tourismfastforward.com\/2015\/#website","url":"https:\/\/www.tourismfastforward.com\/2015\/","name":"Tourism Fast Forward 2015 | Die Konferenz f\u00fcr innovative Technologien im Tourismus","description":"Tourism Fast Forward 2015","potentialAction":[{"@type":"SearchAction","target":{"@type":"EntryPoint","urlTemplate":"https:\/\/www.tourismfastforward.com\/2015\/?s={search_term_string}"},"query-input":{"@type":"PropertyValueSpecification","valueRequired":true,"valueName":"search_term_string"}}],"inLanguage":"en-GB"},{"@type":"Person","@id":"","url":"https:\/\/www.tourismfastforward.com\/2015\/author\/"}]}},"_links":{"self":[{"href":"https:\/\/www.tourismfastforward.com\/2015\/wp-json\/wp\/v2\/posts\/1032","targetHints":{"allow":["GET"]}}],"collection":[{"href":"https:\/\/www.tourismfastforward.com\/2015\/wp-json\/wp\/v2\/posts"}],"about":[{"href":"https:\/\/www.tourismfastforward.com\/2015\/wp-json\/wp\/v2\/types\/post"}],"author":[{"embeddable":true,"href":"https:\/\/www.tourismfastforward.com\/2015\/wp-json\/wp\/v2\/users\/1"}],"replies":[{"embeddable":true,"href":"https:\/\/www.tourismfastforward.com\/2015\/wp-json\/wp\/v2\/comments?post=1032"}],"version-history":[{"count":31,"href":"https:\/\/www.tourismfastforward.com\/2015\/wp-json\/wp\/v2\/posts\/1032\/revisions"}],"predecessor-version":[{"id":2295,"href":"https:\/\/www.tourismfastforward.com\/2015\/wp-json\/wp\/v2\/posts\/1032\/revisions\/2295"}],"wp:attachment":[{"href":"https:\/\/www.tourismfastforward.com\/2015\/wp-json\/wp\/v2\/media?parent=1032"}],"wp:term":[{"taxonomy":"category","embeddable":true,"href":"https:\/\/www.tourismfastforward.com\/2015\/wp-json\/wp\/v2\/categories?post=1032"},{"taxonomy":"post_tag","embeddable":true,"href":"https:\/\/www.tourismfastforward.com\/2015\/wp-json\/wp\/v2\/tags?post=1032"}],"curies":[{"name":"wp","href":"https:\/\/api.w.org\/{rel}","templated":true}]}}